{"id":3891,"date":"2022-02-08T11:31:44","date_gmt":"2022-02-08T10:31:44","guid":{"rendered":"https:\/\/agora.xtec.cat\/sesmcarrascoformiguera-sfc\/?p=3891"},"modified":"2022-02-08T11:33:38","modified_gmt":"2022-02-08T10:33:38","slug":"visita-al-museu-blau","status":"publish","type":"post","link":"https:\/\/agora.xtec.cat\/sesmcarrascoformiguera-sfc\/general\/visita-al-museu-blau\/","title":{"rendered":"Visita al Museu Blau"},"content":{"rendered":"<p dir=\"ltr\">El dijous dia 3 de febrer, l\u2019alumnat de 1r d\u2019ESO\u00a0 vam anar a visitar el Museu Blau, a Barcelona!<\/p>\n<p dir=\"ltr\">Vam arribar d\u2019hora i abans d\u2019anar al museu vam poder gaudir d\u2019una estona passejant per la platja, fent-nos fotos, jugant i fins i tot alguns i algunes, vam haver de c\u00f3rrer per no ser atrapats\/des per onades massa juganeres.<\/p>\n<p dir=\"ltr\">Esbargits i amb la panxa plena, vam entrar al museu i per grups per visitar dues exposicions: la permanent (PLANETA VIDA), i la temporal (INvisibles i Ocultes).<\/p>\n<p dir=\"ltr\">Al PLANETA VIDA, vam aprendre diferents teories de l\u2019inici de la vida i vam viatjar per les diferents eres de la terra a trav\u00e9s de f\u00f2ssils, audiovisuals i diferents evid\u00e8ncies cient\u00edfiques, fins a arribar a avui dia. Tamb\u00e9, a la zona de classificaci\u00f3 d\u2019\u00e9ssers vius, vam descobrir les adaptacions al medi de diferents grups d\u2019animals, plantes, microbis i fongs (alguns incre\u00efbles!)<\/p>\n<p dir=\"ltr\">A l\u2019exposici\u00f3 temporal, dedicada a les dones cient\u00edfiques, vam descobrir dones que la hist\u00f2ria ha deixat en segon pla i que van descobrir moltes coses importants! Vam apuntar-nos les que ens van impactar m\u00e9s per treballar-les despr\u00e9s a classe.<\/p>\n<p dir=\"ltr\">Va ser un dia rod\u00f3!<\/p>\n<p dir=\"ltr\">Actualitzat a 8 de febrer de 2022<\/p>\n","protected":false},"excerpt":{"rendered":"<p>El dijous dia 3 de febrer, l\u2019alumnat de 1r d\u2019ESO\u00a0 vam anar a visitar el Museu Blau, a Barcelona!<br \/>\nVam arribar d\u2019hora i abans d\u2019anar al museu vam poder gaudir d\u2019una estona passejant per la platja, fent-nos fotos, jugant i fins i tot alguns i algunes,&hellip;  <a href=\"https:\/\/agora.xtec.cat\/sesmcarrascoformiguera-sfc\/general\/visita-al-museu-blau\/\" title=\"Read Visita al Museu Blau\">Llegeix m\u00e9s\u00bb<\/a><\/p>\n","protected":false},"author":1,"featured_media":3893,"comment_status":"closed","ping_status":"closed","sticky":false,"template":"","format":"standard","meta":{"_bbp_topic_count":0,"_bbp_reply_count":0,"_bbp_total_topic_count":0,"_bbp_total_reply_count":0,"_bbp_voice_count":0,"_bbp_anonymous_reply_count":0,"_bbp_topic_count_hidden":0,"_bbp_reply_count_hidden":0,"_bbp_forum_subforum_count":0,"footnotes":""},"categories":[31,3,4,1,29],"tags":[],"class_list":["post-3891","post","type-post","status-publish","format-standard","has-post-thumbnail","hentry","category-ampa","category-eso","category-eso-1","category-general","category-portada"],"post_mailing_queue_ids":[],"_links":{"self":[{"href":"https:\/\/agora.xtec.cat\/sesmcarrascoformiguera-sfc\/wp-json\/wp\/v2\/posts\/3891","targetHints":{"allow":["GET"]}}],"collection":[{"href":"https:\/\/agora.xtec.cat\/sesmcarrascoformiguera-sfc\/wp-json\/wp\/v2\/posts"}],"about":[{"href":"https:\/\/agora.xtec.cat\/sesmcarrascoformiguera-sfc\/wp-json\/wp\/v2\/types\/post"}],"author":[{"embeddable":true,"href":"https:\/\/agora.xtec.cat\/sesmcarrascoformiguera-sfc\/wp-json\/wp\/v2\/users\/1"}],"replies":[{"embeddable":true,"href":"https:\/\/agora.xtec.cat\/sesmcarrascoformiguera-sfc\/wp-json\/wp\/v2\/comments?post=3891"}],"version-history":[{"count":2,"href":"https:\/\/agora.xtec.cat\/sesmcarrascoformiguera-sfc\/wp-json\/wp\/v2\/posts\/3891\/revisions"}],"predecessor-version":[{"id":3894,"href":"https:\/\/agora.xtec.cat\/sesmcarrascoformiguera-sfc\/wp-json\/wp\/v2\/posts\/3891\/revisions\/3894"}],"wp:featuredmedia":[{"embeddable":true,"href":"https:\/\/agora.xtec.cat\/sesmcarrascoformiguera-sfc\/wp-json\/wp\/v2\/media\/3893"}],"wp:attachment":[{"href":"https:\/\/agora.xtec.cat\/sesmcarrascoformiguera-sfc\/wp-json\/wp\/v2\/media?parent=3891"}],"wp:term":[{"taxonomy":"category","embeddable":true,"href":"https:\/\/agora.xtec.cat\/sesmcarrascoformiguera-sfc\/wp-json\/wp\/v2\/categories?post=3891"},{"taxonomy":"post_tag","embeddable":true,"href":"https:\/\/agora.xtec.cat\/sesmcarrascoformiguera-sfc\/wp-json\/wp\/v2\/tags?post=3891"}],"curies":[{"name":"wp","href":"https:\/\/api.w.org\/{rel}","templated":true}]}}