{"id":3884,"date":"2022-02-05T10:54:06","date_gmt":"2022-02-05T09:54:06","guid":{"rendered":"https:\/\/agora.xtec.cat\/sesmcarrascoformiguera-sfc\/?p=3884"},"modified":"2022-02-05T10:54:52","modified_gmt":"2022-02-05T09:54:52","slug":"toquem-el-gamelan-amb-els-alumnes-de-3r","status":"publish","type":"post","link":"https:\/\/agora.xtec.cat\/sesmcarrascoformiguera-sfc\/general\/toquem-el-gamelan-amb-els-alumnes-de-3r\/","title":{"rendered":"Toquem el gamelan amb els alumnes de 3r"},"content":{"rendered":"<p>Aqust any s\u00ed. El passat divendres 4 de febrer vam poder tornar a fer la sortida musical de 3r. Es tracta d&#8217;una visita al Museu de la M\u00fasica, situat al segon pis del&#8217;Auditori de Barcelona, i tamb\u00e9 vam poder tocar el gamelan. M\u00e9s fotografies i v\u00eddeos a la Galeria fotogr\u00e0fica.<\/p>\n<p>Actualitzat a 5 de febrer de 2022<\/p>\n","protected":false},"excerpt":{"rendered":"<p>Aqust any s\u00ed. El passat divendres 4 de febrer vam poder tornar a fer la sortida musical de 3r. Es tracta d&#8217;una visita al Museu de la M\u00fasica, situat al segon pis del&#8217;Auditori de Barcelona, i tamb\u00e9 vam poder tocar el gamelan. M\u00e9s fotografies i&hellip;  <a href=\"https:\/\/agora.xtec.cat\/sesmcarrascoformiguera-sfc\/general\/toquem-el-gamelan-amb-els-alumnes-de-3r\/\" title=\"Read Toquem el gamelan amb els alumnes de 3r\">Llegeix m\u00e9s\u00bb<\/a><\/p>\n","protected":false},"author":1,"featured_media":3882,"comment_status":"closed","ping_status":"closed","sticky":false,"template":"","format":"standard","meta":{"_bbp_topic_count":0,"_bbp_reply_count":0,"_bbp_total_topic_count":0,"_bbp_total_reply_count":0,"_bbp_voice_count":0,"_bbp_anonymous_reply_count":0,"_bbp_topic_count_hidden":0,"_bbp_reply_count_hidden":0,"_bbp_forum_subforum_count":0,"footnotes":""},"categories":[31,3,6,1,29],"tags":[],"class_list":["post-3884","post","type-post","status-publish","format-standard","has-post-thumbnail","hentry","category-ampa","category-eso","category-eso-3","category-general","category-portada"],"post_mailing_queue_ids":[],"_links":{"self":[{"href":"https:\/\/agora.xtec.cat\/sesmcarrascoformiguera-sfc\/wp-json\/wp\/v2\/posts\/3884","targetHints":{"allow":["GET"]}}],"collection":[{"href":"https:\/\/agora.xtec.cat\/sesmcarrascoformiguera-sfc\/wp-json\/wp\/v2\/posts"}],"about":[{"href":"https:\/\/agora.xtec.cat\/sesmcarrascoformiguera-sfc\/wp-json\/wp\/v2\/types\/post"}],"author":[{"embeddable":true,"href":"https:\/\/agora.xtec.cat\/sesmcarrascoformiguera-sfc\/wp-json\/wp\/v2\/users\/1"}],"replies":[{"embeddable":true,"href":"https:\/\/agora.xtec.cat\/sesmcarrascoformiguera-sfc\/wp-json\/wp\/v2\/comments?post=3884"}],"version-history":[{"count":1,"href":"https:\/\/agora.xtec.cat\/sesmcarrascoformiguera-sfc\/wp-json\/wp\/v2\/posts\/3884\/revisions"}],"predecessor-version":[{"id":3885,"href":"https:\/\/agora.xtec.cat\/sesmcarrascoformiguera-sfc\/wp-json\/wp\/v2\/posts\/3884\/revisions\/3885"}],"wp:featuredmedia":[{"embeddable":true,"href":"https:\/\/agora.xtec.cat\/sesmcarrascoformiguera-sfc\/wp-json\/wp\/v2\/media\/3882"}],"wp:attachment":[{"href":"https:\/\/agora.xtec.cat\/sesmcarrascoformiguera-sfc\/wp-json\/wp\/v2\/media?parent=3884"}],"wp:term":[{"taxonomy":"category","embeddable":true,"href":"https:\/\/agora.xtec.cat\/sesmcarrascoformiguera-sfc\/wp-json\/wp\/v2\/categories?post=3884"},{"taxonomy":"post_tag","embeddable":true,"href":"https:\/\/agora.xtec.cat\/sesmcarrascoformiguera-sfc\/wp-json\/wp\/v2\/tags?post=3884"}],"curies":[{"name":"wp","href":"https:\/\/api.w.org\/{rel}","templated":true}]}}