{"id":3844,"date":"2021-11-29T18:41:44","date_gmt":"2021-11-29T17:41:44","guid":{"rendered":"https:\/\/agora.xtec.cat\/sesmcarrascoformiguera-sfc\/?p=3844"},"modified":"2021-11-29T18:42:29","modified_gmt":"2021-11-29T17:42:29","slug":"pinta-la-marato","status":"publish","type":"post","link":"https:\/\/agora.xtec.cat\/sesmcarrascoformiguera-sfc\/general\/pinta-la-marato\/","title":{"rendered":"Pinta La Marat\u00f3"},"content":{"rendered":"<p>Els alumnes de visual i pl\u00e0stica, de segon i de quart, de l\u2019institut ens hem<br \/>\npresentat al concurs \u201cPinta La Marat\u00f3\u201d.<br \/>\nCada classe, a partir d\u2019un curtmetratge que ha visualitzat, ha fet un exercici de<br \/>\nreflexi\u00f3 i expressi\u00f3 art\u00edstica al voltant de conceptes relacionats amb la salut<br \/>\nmental, tema central de La Marat\u00f3 d\u2019enguany.<br \/>\nA segon hem executat el cartell utilitzant una combinaci\u00f3 de t\u00e8cniques seques,<br \/>\nen canvi a quart hem fet una producci\u00f3 digital amb l\u2019ajuda del GIMP, un<br \/>\nprograma d\u2019edici\u00f3 d\u2019imatge.<br \/>\nEl premi per a la classe autora del cartell guanyador i dels finalistes consisteix<br \/>\nen un cap de setmana en un dels albergs de la Xarxa Jove d\u2019Albergs de<br \/>\nCatalunya, finan\u00e7at pel Departament de Drets Socials.<br \/>\nDesitgeu-nos sort!<\/p>\n<p>M\u00e9s fotografies a la Galeria Fotogr\u00e0fica<\/p>\n<p>Actualitzada a 29 de novembre de 2021<\/p>\n","protected":false},"excerpt":{"rendered":"<p>Els alumnes de visual i pl\u00e0stica, de segon i de quart, de l\u2019institut ens hem<br \/>\npresentat al concurs \u201cPinta La Marat\u00f3\u201d.<br \/>\nCada classe, a partir d\u2019un curtmetratge que ha visualitzat, ha fet un exercici de<br \/>\nreflexi\u00f3 i expressi\u00f3 art\u00edstica al voltant de conceptes relacionats amb la salut<br \/>\nmental, tema&hellip;  <a href=\"https:\/\/agora.xtec.cat\/sesmcarrascoformiguera-sfc\/general\/pinta-la-marato\/\" title=\"Read Pinta La Marat\u00f3\">Llegeix m\u00e9s\u00bb<\/a><\/p>\n","protected":false},"author":1,"featured_media":3845,"comment_status":"closed","ping_status":"closed","sticky":false,"template":"","format":"standard","meta":{"_bbp_topic_count":0,"_bbp_reply_count":0,"_bbp_total_topic_count":0,"_bbp_total_reply_count":0,"_bbp_voice_count":0,"_bbp_anonymous_reply_count":0,"_bbp_topic_count_hidden":0,"_bbp_reply_count_hidden":0,"_bbp_forum_subforum_count":0,"footnotes":""},"categories":[31,3,5,7,1,29],"tags":[],"class_list":["post-3844","post","type-post","status-publish","format-standard","has-post-thumbnail","hentry","category-ampa","category-eso","category-eso-2","category-eso-4","category-general","category-portada"],"post_mailing_queue_ids":[],"_links":{"self":[{"href":"https:\/\/agora.xtec.cat\/sesmcarrascoformiguera-sfc\/wp-json\/wp\/v2\/posts\/3844","targetHints":{"allow":["GET"]}}],"collection":[{"href":"https:\/\/agora.xtec.cat\/sesmcarrascoformiguera-sfc\/wp-json\/wp\/v2\/posts"}],"about":[{"href":"https:\/\/agora.xtec.cat\/sesmcarrascoformiguera-sfc\/wp-json\/wp\/v2\/types\/post"}],"author":[{"embeddable":true,"href":"https:\/\/agora.xtec.cat\/sesmcarrascoformiguera-sfc\/wp-json\/wp\/v2\/users\/1"}],"replies":[{"embeddable":true,"href":"https:\/\/agora.xtec.cat\/sesmcarrascoformiguera-sfc\/wp-json\/wp\/v2\/comments?post=3844"}],"version-history":[{"count":2,"href":"https:\/\/agora.xtec.cat\/sesmcarrascoformiguera-sfc\/wp-json\/wp\/v2\/posts\/3844\/revisions"}],"predecessor-version":[{"id":3847,"href":"https:\/\/agora.xtec.cat\/sesmcarrascoformiguera-sfc\/wp-json\/wp\/v2\/posts\/3844\/revisions\/3847"}],"wp:featuredmedia":[{"embeddable":true,"href":"https:\/\/agora.xtec.cat\/sesmcarrascoformiguera-sfc\/wp-json\/wp\/v2\/media\/3845"}],"wp:attachment":[{"href":"https:\/\/agora.xtec.cat\/sesmcarrascoformiguera-sfc\/wp-json\/wp\/v2\/media?parent=3844"}],"wp:term":[{"taxonomy":"category","embeddable":true,"href":"https:\/\/agora.xtec.cat\/sesmcarrascoformiguera-sfc\/wp-json\/wp\/v2\/categories?post=3844"},{"taxonomy":"post_tag","embeddable":true,"href":"https:\/\/agora.xtec.cat\/sesmcarrascoformiguera-sfc\/wp-json\/wp\/v2\/tags?post=3844"}],"curies":[{"name":"wp","href":"https:\/\/api.w.org\/{rel}","templated":true}]}}