{"id":3829,"date":"2021-11-07T16:54:45","date_gmt":"2021-11-07T15:54:45","guid":{"rendered":"https:\/\/agora.xtec.cat\/sesmcarrascoformiguera-sfc\/?p=3829"},"modified":"2021-11-07T16:55:30","modified_gmt":"2021-11-07T15:55:30","slug":"visita-cosmocaixa-segon-eso","status":"publish","type":"post","link":"https:\/\/agora.xtec.cat\/sesmcarrascoformiguera-sfc\/general\/visita-cosmocaixa-segon-eso\/","title":{"rendered":"Visita Cosmocaixa &#8211; Segon ESO"},"content":{"rendered":"<p>En la nostra visita al Cosmocaixa els alumnes de segon han tingut un primer contacte amb l&#8217;electricitat mitjan\u00e7ant el taller &#8220;Viu l&#8217;electricitat&#8221;, on a base de la seva participaci\u00f3 en diferents experiments han pogut gaudir i experimentat l&#8217;electricitat. Des de la base f\u00edsica del moviment d&#8217;electrons, passant per l&#8217;electricitat est\u00e0tica, la g\u00e0bia de Faraday i finalment amb els camps el\u00e8ctrics on s&#8217;encenien fluorescent sense el contacte directe dels cl\u00e0ssics conductors.<\/p>\n<p>La jornada la comen\u00e7\u00e0rem amb el taller d&#8217;electricitat, despr\u00e9s d\u2019esmorzar i amb les forces recuperades vam visitar el museu on vam poder apreciar tot tipus de demostracions de les lleis f\u00edsiques, la sala univers i el bosc inundat.<\/p>\n<p>Al final se\u2019ns va fer curta per la quantitat de coses que pod\u00edem veure, per\u00f2 en resum l&#8217;excursi\u00f3 va ser molt distreta e interessant tant pels alumnes com pels professors.<\/p>\n<p>Actualitzat a 7 denovembre de 2021<\/p>\n","protected":false},"excerpt":{"rendered":"<p>En la nostra visita al Cosmocaixa els alumnes de segon han tingut un primer contacte amb l&#8217;electricitat mitjan\u00e7ant el taller &#8220;Viu l&#8217;electricitat&#8221;, on a base de la seva participaci\u00f3 en diferents experiments han pogut gaudir i experimentat l&#8217;electricitat. Des de la base f\u00edsica del moviment&hellip;  <a href=\"https:\/\/agora.xtec.cat\/sesmcarrascoformiguera-sfc\/general\/visita-cosmocaixa-segon-eso\/\" title=\"Read Visita Cosmocaixa &#8211; Segon ESO\">Llegeix m\u00e9s\u00bb<\/a><\/p>\n","protected":false},"author":1,"featured_media":3830,"comment_status":"closed","ping_status":"closed","sticky":false,"template":"","format":"standard","meta":{"_bbp_topic_count":0,"_bbp_reply_count":0,"_bbp_total_topic_count":0,"_bbp_total_reply_count":0,"_bbp_voice_count":0,"_bbp_anonymous_reply_count":0,"_bbp_topic_count_hidden":0,"_bbp_reply_count_hidden":0,"_bbp_forum_subforum_count":0,"footnotes":""},"categories":[31,3,5,1,29],"tags":[],"class_list":["post-3829","post","type-post","status-publish","format-standard","has-post-thumbnail","hentry","category-ampa","category-eso","category-eso-2","category-general","category-portada"],"post_mailing_queue_ids":[],"_links":{"self":[{"href":"https:\/\/agora.xtec.cat\/sesmcarrascoformiguera-sfc\/wp-json\/wp\/v2\/posts\/3829","targetHints":{"allow":["GET"]}}],"collection":[{"href":"https:\/\/agora.xtec.cat\/sesmcarrascoformiguera-sfc\/wp-json\/wp\/v2\/posts"}],"about":[{"href":"https:\/\/agora.xtec.cat\/sesmcarrascoformiguera-sfc\/wp-json\/wp\/v2\/types\/post"}],"author":[{"embeddable":true,"href":"https:\/\/agora.xtec.cat\/sesmcarrascoformiguera-sfc\/wp-json\/wp\/v2\/users\/1"}],"replies":[{"embeddable":true,"href":"https:\/\/agora.xtec.cat\/sesmcarrascoformiguera-sfc\/wp-json\/wp\/v2\/comments?post=3829"}],"version-history":[{"count":2,"href":"https:\/\/agora.xtec.cat\/sesmcarrascoformiguera-sfc\/wp-json\/wp\/v2\/posts\/3829\/revisions"}],"predecessor-version":[{"id":3832,"href":"https:\/\/agora.xtec.cat\/sesmcarrascoformiguera-sfc\/wp-json\/wp\/v2\/posts\/3829\/revisions\/3832"}],"wp:featuredmedia":[{"embeddable":true,"href":"https:\/\/agora.xtec.cat\/sesmcarrascoformiguera-sfc\/wp-json\/wp\/v2\/media\/3830"}],"wp:attachment":[{"href":"https:\/\/agora.xtec.cat\/sesmcarrascoformiguera-sfc\/wp-json\/wp\/v2\/media?parent=3829"}],"wp:term":[{"taxonomy":"category","embeddable":true,"href":"https:\/\/agora.xtec.cat\/sesmcarrascoformiguera-sfc\/wp-json\/wp\/v2\/categories?post=3829"},{"taxonomy":"post_tag","embeddable":true,"href":"https:\/\/agora.xtec.cat\/sesmcarrascoformiguera-sfc\/wp-json\/wp\/v2\/tags?post=3829"}],"curies":[{"name":"wp","href":"https:\/\/api.w.org\/{rel}","templated":true}]}}