{"id":3813,"date":"2021-10-24T15:52:13","date_gmt":"2021-10-24T13:52:13","guid":{"rendered":"https:\/\/agora.xtec.cat\/sesmcarrascoformiguera-sfc\/?p=3813"},"modified":"2021-10-24T15:52:13","modified_gmt":"2021-10-24T13:52:13","slug":"lactualitat-vista-des-de-la-religio","status":"publish","type":"post","link":"https:\/\/agora.xtec.cat\/sesmcarrascoformiguera-sfc\/general\/lactualitat-vista-des-de-la-religio\/","title":{"rendered":"L&#8217;actualitat vista des de la religi\u00f3"},"content":{"rendered":"<p>Des de l&#8217;\u00e0rea de Religi\u00f3 hem parlat, debatut i opinat sobre diferents temes d&#8217;actualitat que preocupen als joves d&#8217;avui. Com a activitat final d&#8217;aquesta proposta educativa l&#8217;alumnat ha pintat un mural sobre algun d&#8217;aquests temes que els preocupen i que els generen diverses maneres de pensar. Aquests han estat alguns dels temes que m\u00e9s inter\u00e8s els ha suscitat: El ciberbullying, les drogues, la salut mental, els drets dels animals, no a la guerra, autoconfian\u00e7a, la viol\u00e8ncia de g\u00e8nere&#8230; treballat durant uns dies els diferents temes que els preocupen. Aqu\u00ed en teniu una petita mostra visual, la resta a la Galeria Fotogr\u00e0fica.<\/p>\n<p>Actualitzat a 24 d&#8217;octubre de 2021<\/p>\n","protected":false},"excerpt":{"rendered":"<p>Des de l&#8217;\u00e0rea de Religi\u00f3 hem parlat, debatut i opinat sobre diferents temes d&#8217;actualitat que preocupen als joves d&#8217;avui. Com a activitat final d&#8217;aquesta proposta educativa l&#8217;alumnat ha pintat un mural sobre algun d&#8217;aquests temes que els preocupen i que els generen diverses maneres de&hellip;  <a href=\"https:\/\/agora.xtec.cat\/sesmcarrascoformiguera-sfc\/general\/lactualitat-vista-des-de-la-religio\/\" title=\"Read L&#8217;actualitat vista des de la religi\u00f3\">Llegeix m\u00e9s\u00bb<\/a><\/p>\n","protected":false},"author":1,"featured_media":3814,"comment_status":"closed","ping_status":"closed","sticky":false,"template":"","format":"standard","meta":{"_bbp_topic_count":0,"_bbp_reply_count":0,"_bbp_total_topic_count":0,"_bbp_total_reply_count":0,"_bbp_voice_count":0,"_bbp_anonymous_reply_count":0,"_bbp_topic_count_hidden":0,"_bbp_reply_count_hidden":0,"_bbp_forum_subforum_count":0,"footnotes":""},"categories":[3,4,5,6,7,1,29],"tags":[],"class_list":["post-3813","post","type-post","status-publish","format-standard","has-post-thumbnail","hentry","category-eso","category-eso-1","category-eso-2","category-eso-3","category-eso-4","category-general","category-portada"],"post_mailing_queue_ids":[],"_links":{"self":[{"href":"https:\/\/agora.xtec.cat\/sesmcarrascoformiguera-sfc\/wp-json\/wp\/v2\/posts\/3813","targetHints":{"allow":["GET"]}}],"collection":[{"href":"https:\/\/agora.xtec.cat\/sesmcarrascoformiguera-sfc\/wp-json\/wp\/v2\/posts"}],"about":[{"href":"https:\/\/agora.xtec.cat\/sesmcarrascoformiguera-sfc\/wp-json\/wp\/v2\/types\/post"}],"author":[{"embeddable":true,"href":"https:\/\/agora.xtec.cat\/sesmcarrascoformiguera-sfc\/wp-json\/wp\/v2\/users\/1"}],"replies":[{"embeddable":true,"href":"https:\/\/agora.xtec.cat\/sesmcarrascoformiguera-sfc\/wp-json\/wp\/v2\/comments?post=3813"}],"version-history":[{"count":1,"href":"https:\/\/agora.xtec.cat\/sesmcarrascoformiguera-sfc\/wp-json\/wp\/v2\/posts\/3813\/revisions"}],"predecessor-version":[{"id":3815,"href":"https:\/\/agora.xtec.cat\/sesmcarrascoformiguera-sfc\/wp-json\/wp\/v2\/posts\/3813\/revisions\/3815"}],"wp:featuredmedia":[{"embeddable":true,"href":"https:\/\/agora.xtec.cat\/sesmcarrascoformiguera-sfc\/wp-json\/wp\/v2\/media\/3814"}],"wp:attachment":[{"href":"https:\/\/agora.xtec.cat\/sesmcarrascoformiguera-sfc\/wp-json\/wp\/v2\/media?parent=3813"}],"wp:term":[{"taxonomy":"category","embeddable":true,"href":"https:\/\/agora.xtec.cat\/sesmcarrascoformiguera-sfc\/wp-json\/wp\/v2\/categories?post=3813"},{"taxonomy":"post_tag","embeddable":true,"href":"https:\/\/agora.xtec.cat\/sesmcarrascoformiguera-sfc\/wp-json\/wp\/v2\/tags?post=3813"}],"curies":[{"name":"wp","href":"https:\/\/api.w.org\/{rel}","templated":true}]}}