{"id":3762,"date":"2021-07-16T12:31:01","date_gmt":"2021-07-16T10:31:01","guid":{"rendered":"http:\/\/agora.xtec.cat\/sesmcarrascoformiguera-sfc\/?p=3762"},"modified":"2021-07-16T12:37:41","modified_gmt":"2021-07-16T10:37:41","slug":"circular-inici-del-nou-curs-2021-22","status":"publish","type":"post","link":"https:\/\/agora.xtec.cat\/sesmcarrascoformiguera-sfc\/general\/circular-inici-del-nou-curs-2021-22\/","title":{"rendered":"CIRCULAR INICI DEL CURS 2021-22"},"content":{"rendered":"<p>Benvolgudes fam\u00edlies,<\/p>\n<p>Us fem arribar un seguit d\u2019informacions i convocat\u00f2ries necess\u00e0ries pel comen\u00e7ament del proper curs 2021-2022.<\/p>\n<p>&nbsp;<\/p>\n<table>\n<tbody>\n<tr>\n<td width=\"225\"><strong>Dilluns 6 de setembre<\/strong><\/p>\n<p><strong>\u00a0<\/strong><\/td>\n<td width=\"353\">Reuni\u00f3 telem\u00e0tica* de fam\u00edlies 1r d&#8217;ESO a les17h30<\/td>\n<\/tr>\n<tr>\n<td width=\"225\"><strong>Dimarts 7 de setembre<\/strong><\/td>\n<td width=\"353\">Reuni\u00f3 telem\u00e0tica* de fam\u00edlies 2n d&#8217;ESO a les 17h30<\/p>\n<p>Reuni\u00f3 telem\u00e0tica* de fam\u00edlies 3r d&#8217;ESO a les 19h<\/td>\n<\/tr>\n<tr>\n<td width=\"225\"><strong>Dimecres 8 de setembre<\/strong><\/td>\n<td width=\"353\">Reuni\u00f3 telem\u00e0tica* de fam\u00edlies 4t d&#8217;ESO a les 17h30<\/p>\n<p>Reuni\u00f3 telem\u00e0tica* de fam\u00edlies Aula Natura a les 19h<\/td>\n<\/tr>\n<tr>\n<td width=\"225\"><strong>Dilluns 13 de setembre<\/strong><\/td>\n<td width=\"353\"><strong>REBUDA DELS ALUMNES I INICI DE LES CLASSES<\/strong><\/p>\n<p><strong>Els llistats dels grups estables s\u2019enviaran per correu electr\u00f2nic a les fam\u00edlies les primeres setmanes de setembre.<\/strong><\/p>\n<p><strong>\u00a0<\/strong><\/p>\n<p>8h: 1r ESO A (Entrada C\/Consell de Cent)<\/p>\n<p>8h10: 1r ESO B (Entrada C\/Consell De Cent)<\/p>\n<p>8h20: 2n ESO A (Entrada Av\/Escoles)<\/p>\n<p>8h30: 2n ESO B (Entrada Av\/Escoles)<\/p>\n<p>8h40: 3r ESO A (Entrada Av\/Escoles)<\/p>\n<p>8h50: 3r ESO B (Entrada Av\/Escoles)<\/p>\n<p>9h00: Aula Natura (Entrada Av\/Escoles)<\/p>\n<p>9h10: 4t ESO A (Entrada C\/Consell de Cent)<\/p>\n<p>9h20: 4t ESO B (Entrada C\/Consell de Cent)<\/p>\n<p>9h30: 4t ESO C (Entrada C\/Consell de Cent)<\/p>\n<p>&nbsp;<\/p>\n<p>Cal que tots els alumnes portin material per comen\u00e7ar les classes. <strong>Us recordem que els llibres del nou curs es lliuraran a l\u2019aula els primers dies de classes.<\/strong><\/td>\n<\/tr>\n<tr>\n<td width=\"225\"><strong>Divendres 17 de setembre<\/strong><\/td>\n<td width=\"353\"><strong>FESTA LOCAL<\/strong><\/p>\n<p>&nbsp;<\/td>\n<\/tr>\n<\/tbody>\n<\/table>\n<p><strong>*Reunions telem\u00e0tiques de fam\u00edlies: Rebreu l\u2019enlla\u00e7 de la reuni\u00f3 per correu electr\u00f2nic uns dies abans.<\/strong><\/p>\n<p>Volem, finalment, agrair-vos la vostra confian\u00e7a en un curs tan especial i desitjar-vos un bon estiu.<\/p>\n<p>Molt cordialment,<\/p>\n<p><strong>L\u2019Equip Directiu de l\u2019Institut Manuel Carrasco i Formiguera<\/strong><\/p>\n<p><strong>\u00a0<\/strong><strong><em>Josiane G\u00e9rard\u00a0\u00a0 <\/em><\/strong><em>Directora<strong> \u00a0 \u00a0 \u00a0 \u00a0 \u00a0 \u00a0 \u00a0 <\/strong><\/em><\/p>\n<p><strong><em>M\u00edriam Fenoy\u00a0 \u00a0 <\/em><\/strong><em>Cap d\u2019Estudis<\/em><\/p>\n<p><strong><em>Jordi Povedano\u00a0 <\/em><\/strong><em>Coordinador pedag\u00f2gic<\/em><strong><em>\u00a0\u00a0\u00a0 \u00a0\u00a0\u00a0\u00a0\u00a0<\/em><\/strong><\/p>\n<p><strong><em>Txus Carrasco\u00a0 \u00a0 \u00a0 \u00a0 <\/em><\/strong><em>Secretari<\/em><\/p>\n","protected":false},"excerpt":{"rendered":"<p>Benvolgudes fam\u00edlies,<br \/>\nUs fem arribar un seguit d\u2019informacions i convocat\u00f2ries necess\u00e0ries pel comen\u00e7ament del proper curs 2021-2022.<br \/>\n&nbsp;<\/p>\n<p>Dilluns 6 de setembre<br \/>\n\u00a0<br \/>\nReuni\u00f3 telem\u00e0tica* de fam\u00edlies 1r d&#8217;ESO a les17h30<\/p>\n<p>Dimarts 7 de setembre<br \/>\nReuni\u00f3 telem\u00e0tica* de fam\u00edlies 2n d&#8217;ESO a les 17h30<br \/>\nReuni\u00f3 telem\u00e0tica* de fam\u00edlies 3r d&#8217;ESO a les 19h<\/p>\n<p>Dimecres&hellip;  <a href=\"https:\/\/agora.xtec.cat\/sesmcarrascoformiguera-sfc\/general\/circular-inici-del-nou-curs-2021-22\/\" title=\"Read CIRCULAR INICI DEL CURS 2021-22\">Llegeix m\u00e9s\u00bb<\/a><\/p>\n","protected":false},"author":1,"featured_media":0,"comment_status":"closed","ping_status":"closed","sticky":false,"template":"","format":"standard","meta":{"_bbp_topic_count":0,"_bbp_reply_count":0,"_bbp_total_topic_count":0,"_bbp_total_reply_count":0,"_bbp_voice_count":0,"_bbp_anonymous_reply_count":0,"_bbp_topic_count_hidden":0,"_bbp_reply_count_hidden":0,"_bbp_forum_subforum_count":0,"footnotes":""},"categories":[3,1,29],"tags":[],"class_list":["post-3762","post","type-post","status-publish","format-standard","hentry","category-eso","category-general","category-portada"],"post_mailing_queue_ids":[],"_links":{"self":[{"href":"https:\/\/agora.xtec.cat\/sesmcarrascoformiguera-sfc\/wp-json\/wp\/v2\/posts\/3762","targetHints":{"allow":["GET"]}}],"collection":[{"href":"https:\/\/agora.xtec.cat\/sesmcarrascoformiguera-sfc\/wp-json\/wp\/v2\/posts"}],"about":[{"href":"https:\/\/agora.xtec.cat\/sesmcarrascoformiguera-sfc\/wp-json\/wp\/v2\/types\/post"}],"author":[{"embeddable":true,"href":"https:\/\/agora.xtec.cat\/sesmcarrascoformiguera-sfc\/wp-json\/wp\/v2\/users\/1"}],"replies":[{"embeddable":true,"href":"https:\/\/agora.xtec.cat\/sesmcarrascoformiguera-sfc\/wp-json\/wp\/v2\/comments?post=3762"}],"version-history":[{"count":3,"href":"https:\/\/agora.xtec.cat\/sesmcarrascoformiguera-sfc\/wp-json\/wp\/v2\/posts\/3762\/revisions"}],"predecessor-version":[{"id":3770,"href":"https:\/\/agora.xtec.cat\/sesmcarrascoformiguera-sfc\/wp-json\/wp\/v2\/posts\/3762\/revisions\/3770"}],"wp:attachment":[{"href":"https:\/\/agora.xtec.cat\/sesmcarrascoformiguera-sfc\/wp-json\/wp\/v2\/media?parent=3762"}],"wp:term":[{"taxonomy":"category","embeddable":true,"href":"https:\/\/agora.xtec.cat\/sesmcarrascoformiguera-sfc\/wp-json\/wp\/v2\/categories?post=3762"},{"taxonomy":"post_tag","embeddable":true,"href":"https:\/\/agora.xtec.cat\/sesmcarrascoformiguera-sfc\/wp-json\/wp\/v2\/tags?post=3762"}],"curies":[{"name":"wp","href":"https:\/\/api.w.org\/{rel}","templated":true}]}}