{"id":3718,"date":"2021-05-10T08:42:26","date_gmt":"2021-05-10T06:42:26","guid":{"rendered":"http:\/\/agora.xtec.cat\/sesmcarrascoformiguera-sfc\/?p=3718"},"modified":"2021-05-10T08:42:26","modified_gmt":"2021-05-10T06:42:26","slug":"taller-darquitectura","status":"publish","type":"post","link":"https:\/\/agora.xtec.cat\/sesmcarrascoformiguera-sfc\/general\/taller-darquitectura\/","title":{"rendered":"Taller d&#8217;arquitectura"},"content":{"rendered":"<p><span style=\"font-weight: 400;\">En el marc de la setmana de l\u2019arquitectura i aprofitant que els alumnes de visual i pl\u00e0stica de primer estem treballant, en el bloc de dibuix t\u00e8cnic, el sistema di\u00e8dric de representaci\u00f3, hem participat en un taller que ens ha ofert el Col\u00b7legi d\u2019Arquitectes de Catalunya.<\/span><\/p>\n<p><span style=\"font-weight: 400;\">Durant les dues hores de treball, hem reflexionat sobre els espais en els quals habitem i com podem millorar-los.<\/span><\/p>\n<p><span style=\"font-weight: 400;\">Despr\u00e9s de deixar volar la imaginaci\u00f3 i plasmar les nostres idees, les hem exposat als companys amb l\u2019ajuda d\u2019un petit gui\u00f3.<\/span><\/p>\n<p><span style=\"font-weight: 400;\">Han sorgit propostes molt interessants i creatives.<\/span><\/p>\n","protected":false},"excerpt":{"rendered":"<p>En el marc de la setmana de l\u2019arquitectura i aprofitant que els alumnes de visual i pl\u00e0stica de primer estem treballant, en el bloc de dibuix t\u00e8cnic, el sistema di\u00e8dric de representaci\u00f3, hem participat en un taller que ens ha ofert el Col\u00b7legi d\u2019Arquitectes de&hellip;  <a href=\"https:\/\/agora.xtec.cat\/sesmcarrascoformiguera-sfc\/general\/taller-darquitectura\/\" title=\"Read Taller d&#8217;arquitectura\">Llegeix m\u00e9s\u00bb<\/a><\/p>\n","protected":false},"author":1,"featured_media":3719,"comment_status":"closed","ping_status":"closed","sticky":false,"template":"","format":"standard","meta":{"_bbp_topic_count":0,"_bbp_reply_count":0,"_bbp_total_topic_count":0,"_bbp_total_reply_count":0,"_bbp_voice_count":0,"_bbp_anonymous_reply_count":0,"_bbp_topic_count_hidden":0,"_bbp_reply_count_hidden":0,"_bbp_forum_subforum_count":0,"footnotes":""},"categories":[3,4,1,29],"tags":[],"class_list":["post-3718","post","type-post","status-publish","format-standard","has-post-thumbnail","hentry","category-eso","category-eso-1","category-general","category-portada"],"post_mailing_queue_ids":[],"_links":{"self":[{"href":"https:\/\/agora.xtec.cat\/sesmcarrascoformiguera-sfc\/wp-json\/wp\/v2\/posts\/3718","targetHints":{"allow":["GET"]}}],"collection":[{"href":"https:\/\/agora.xtec.cat\/sesmcarrascoformiguera-sfc\/wp-json\/wp\/v2\/posts"}],"about":[{"href":"https:\/\/agora.xtec.cat\/sesmcarrascoformiguera-sfc\/wp-json\/wp\/v2\/types\/post"}],"author":[{"embeddable":true,"href":"https:\/\/agora.xtec.cat\/sesmcarrascoformiguera-sfc\/wp-json\/wp\/v2\/users\/1"}],"replies":[{"embeddable":true,"href":"https:\/\/agora.xtec.cat\/sesmcarrascoformiguera-sfc\/wp-json\/wp\/v2\/comments?post=3718"}],"version-history":[{"count":1,"href":"https:\/\/agora.xtec.cat\/sesmcarrascoformiguera-sfc\/wp-json\/wp\/v2\/posts\/3718\/revisions"}],"predecessor-version":[{"id":3720,"href":"https:\/\/agora.xtec.cat\/sesmcarrascoformiguera-sfc\/wp-json\/wp\/v2\/posts\/3718\/revisions\/3720"}],"wp:featuredmedia":[{"embeddable":true,"href":"https:\/\/agora.xtec.cat\/sesmcarrascoformiguera-sfc\/wp-json\/wp\/v2\/media\/3719"}],"wp:attachment":[{"href":"https:\/\/agora.xtec.cat\/sesmcarrascoformiguera-sfc\/wp-json\/wp\/v2\/media?parent=3718"}],"wp:term":[{"taxonomy":"category","embeddable":true,"href":"https:\/\/agora.xtec.cat\/sesmcarrascoformiguera-sfc\/wp-json\/wp\/v2\/categories?post=3718"},{"taxonomy":"post_tag","embeddable":true,"href":"https:\/\/agora.xtec.cat\/sesmcarrascoformiguera-sfc\/wp-json\/wp\/v2\/tags?post=3718"}],"curies":[{"name":"wp","href":"https:\/\/api.w.org\/{rel}","templated":true}]}}