{"id":3701,"date":"2021-04-08T13:25:13","date_gmt":"2021-04-08T11:25:13","guid":{"rendered":"http:\/\/agora.xtec.cat\/sesmcarrascoformiguera-sfc\/?p=3701"},"modified":"2021-04-08T13:25:13","modified_gmt":"2021-04-08T11:25:13","slug":"la-bustia-del-mcf","status":"publish","type":"post","link":"https:\/\/agora.xtec.cat\/sesmcarrascoformiguera-sfc\/general\/la-bustia-del-mcf\/","title":{"rendered":"LA B\u00daSTIA DEL MCF"},"content":{"rendered":"<p style=\"font-weight: 400;\">\n<p style=\"font-weight: 400;\">Tornem a posar en marxa la nostra b\u00fastia.<\/p>\n<p style=\"font-weight: 400;\"><strong>Qu\u00e8 \u00e9s?<\/strong><\/p>\n<p style=\"font-weight: 400;\">\u00c9s una eina de comunicaci\u00f3 que consisteix en una b\u00fastia f\u00edsica on els alumnes podeu deixar-hi els vostres dubtes, propostes i neguits entorn a\u00a0<strong>qualsevol tema<\/strong>\u00a0<strong>de l\u2019institut<\/strong>\u00a0que us preocupi.<\/p>\n<p style=\"font-weight: 400;\">Aquesta b\u00fastia est\u00e0 situada a la planta baixa al costat de consergeria.<\/p>\n","protected":false},"excerpt":{"rendered":"<p>Tornem a posar en marxa la nostra b\u00fastia.<br \/>\nQu\u00e8 \u00e9s?<br \/>\n\u00c9s una eina de comunicaci\u00f3 que consisteix en una b\u00fastia f\u00edsica on els alumnes podeu deixar-hi els vostres dubtes, propostes i neguits entorn a\u00a0qualsevol tema\u00a0de l\u2019institut\u00a0que us preocupi.<br \/>\nAquesta b\u00fastia est\u00e0 situada a la planta baixa al costat&hellip;  <a href=\"https:\/\/agora.xtec.cat\/sesmcarrascoformiguera-sfc\/general\/la-bustia-del-mcf\/\" title=\"Read LA B\u00daSTIA DEL MCF\">Llegeix m\u00e9s\u00bb<\/a><\/p>\n","protected":false},"author":1,"featured_media":3702,"comment_status":"closed","ping_status":"closed","sticky":false,"template":"","format":"standard","meta":{"_bbp_topic_count":0,"_bbp_reply_count":0,"_bbp_total_topic_count":0,"_bbp_total_reply_count":0,"_bbp_voice_count":0,"_bbp_anonymous_reply_count":0,"_bbp_topic_count_hidden":0,"_bbp_reply_count_hidden":0,"_bbp_forum_subforum_count":0,"footnotes":""},"categories":[31,3,1,29],"tags":[],"class_list":["post-3701","post","type-post","status-publish","format-standard","has-post-thumbnail","hentry","category-ampa","category-eso","category-general","category-portada"],"post_mailing_queue_ids":[],"_links":{"self":[{"href":"https:\/\/agora.xtec.cat\/sesmcarrascoformiguera-sfc\/wp-json\/wp\/v2\/posts\/3701","targetHints":{"allow":["GET"]}}],"collection":[{"href":"https:\/\/agora.xtec.cat\/sesmcarrascoformiguera-sfc\/wp-json\/wp\/v2\/posts"}],"about":[{"href":"https:\/\/agora.xtec.cat\/sesmcarrascoformiguera-sfc\/wp-json\/wp\/v2\/types\/post"}],"author":[{"embeddable":true,"href":"https:\/\/agora.xtec.cat\/sesmcarrascoformiguera-sfc\/wp-json\/wp\/v2\/users\/1"}],"replies":[{"embeddable":true,"href":"https:\/\/agora.xtec.cat\/sesmcarrascoformiguera-sfc\/wp-json\/wp\/v2\/comments?post=3701"}],"version-history":[{"count":1,"href":"https:\/\/agora.xtec.cat\/sesmcarrascoformiguera-sfc\/wp-json\/wp\/v2\/posts\/3701\/revisions"}],"predecessor-version":[{"id":3703,"href":"https:\/\/agora.xtec.cat\/sesmcarrascoformiguera-sfc\/wp-json\/wp\/v2\/posts\/3701\/revisions\/3703"}],"wp:featuredmedia":[{"embeddable":true,"href":"https:\/\/agora.xtec.cat\/sesmcarrascoformiguera-sfc\/wp-json\/wp\/v2\/media\/3702"}],"wp:attachment":[{"href":"https:\/\/agora.xtec.cat\/sesmcarrascoformiguera-sfc\/wp-json\/wp\/v2\/media?parent=3701"}],"wp:term":[{"taxonomy":"category","embeddable":true,"href":"https:\/\/agora.xtec.cat\/sesmcarrascoformiguera-sfc\/wp-json\/wp\/v2\/categories?post=3701"},{"taxonomy":"post_tag","embeddable":true,"href":"https:\/\/agora.xtec.cat\/sesmcarrascoformiguera-sfc\/wp-json\/wp\/v2\/tags?post=3701"}],"curies":[{"name":"wp","href":"https:\/\/api.w.org\/{rel}","templated":true}]}}