{"id":3691,"date":"2021-03-29T18:56:47","date_gmt":"2021-03-29T16:56:47","guid":{"rendered":"http:\/\/agora.xtec.cat\/sesmcarrascoformiguera-sfc\/?p=3691"},"modified":"2021-03-29T18:56:47","modified_gmt":"2021-03-29T16:56:47","slug":"visita-de-lescriptor-arturo-padilla-de-juan","status":"publish","type":"post","link":"https:\/\/agora.xtec.cat\/sesmcarrascoformiguera-sfc\/general\/visita-de-lescriptor-arturo-padilla-de-juan\/","title":{"rendered":"Visita de l&#8217;escriptor Arturo Padilla de Juan"},"content":{"rendered":"<p>El dilluns 22 de mar\u00e7 del 2021, els alumnes i professors de 1r curs vam tenir la sort de gaudir de la pres\u00e8ncia de l&#8217;autor Arturo Padilla de Juan, dintre del projecte &#8220;Egipte: La tomba del fara\u00f3&#8221;. Com a complement de la lectura\u00a0 del llibre de l&#8217;autor titulat &#8220;Despertant la ira del fara\u00f3&#8221;, l&#8217;Arturo ens va explicar les experi\u00e8ncies personals que van servir d&#8217;inspiraci\u00f3 de l&#8217;obra i va contestar molt amablement totes les preguntes que li van formular els alumnes, que van quedar molt contents amb la proximitat, confian\u00e7a i simpatia que transmet l&#8217;autor. La seva valoraci\u00f3 global va ser: &#8220;volem que torni&#8221;.<\/p>\n","protected":false},"excerpt":{"rendered":"<p>El dilluns 22 de mar\u00e7 del 2021, els alumnes i professors de 1r curs vam tenir la sort de gaudir de la pres\u00e8ncia de l&#8217;autor Arturo Padilla de Juan, dintre del projecte &#8220;Egipte: La tomba del fara\u00f3&#8221;. Com a complement de la lectura\u00a0 del llibre&hellip;  <a href=\"https:\/\/agora.xtec.cat\/sesmcarrascoformiguera-sfc\/general\/visita-de-lescriptor-arturo-padilla-de-juan\/\" title=\"Read Visita de l&#8217;escriptor Arturo Padilla de Juan\">Llegeix m\u00e9s\u00bb<\/a><\/p>\n","protected":false},"author":1,"featured_media":3692,"comment_status":"closed","ping_status":"closed","sticky":false,"template":"","format":"standard","meta":{"_bbp_topic_count":0,"_bbp_reply_count":0,"_bbp_total_topic_count":0,"_bbp_total_reply_count":0,"_bbp_voice_count":0,"_bbp_anonymous_reply_count":0,"_bbp_topic_count_hidden":0,"_bbp_reply_count_hidden":0,"_bbp_forum_subforum_count":0,"footnotes":""},"categories":[3,4,1,29],"tags":[],"class_list":["post-3691","post","type-post","status-publish","format-standard","has-post-thumbnail","hentry","category-eso","category-eso-1","category-general","category-portada"],"post_mailing_queue_ids":[],"_links":{"self":[{"href":"https:\/\/agora.xtec.cat\/sesmcarrascoformiguera-sfc\/wp-json\/wp\/v2\/posts\/3691","targetHints":{"allow":["GET"]}}],"collection":[{"href":"https:\/\/agora.xtec.cat\/sesmcarrascoformiguera-sfc\/wp-json\/wp\/v2\/posts"}],"about":[{"href":"https:\/\/agora.xtec.cat\/sesmcarrascoformiguera-sfc\/wp-json\/wp\/v2\/types\/post"}],"author":[{"embeddable":true,"href":"https:\/\/agora.xtec.cat\/sesmcarrascoformiguera-sfc\/wp-json\/wp\/v2\/users\/1"}],"replies":[{"embeddable":true,"href":"https:\/\/agora.xtec.cat\/sesmcarrascoformiguera-sfc\/wp-json\/wp\/v2\/comments?post=3691"}],"version-history":[{"count":1,"href":"https:\/\/agora.xtec.cat\/sesmcarrascoformiguera-sfc\/wp-json\/wp\/v2\/posts\/3691\/revisions"}],"predecessor-version":[{"id":3693,"href":"https:\/\/agora.xtec.cat\/sesmcarrascoformiguera-sfc\/wp-json\/wp\/v2\/posts\/3691\/revisions\/3693"}],"wp:featuredmedia":[{"embeddable":true,"href":"https:\/\/agora.xtec.cat\/sesmcarrascoformiguera-sfc\/wp-json\/wp\/v2\/media\/3692"}],"wp:attachment":[{"href":"https:\/\/agora.xtec.cat\/sesmcarrascoformiguera-sfc\/wp-json\/wp\/v2\/media?parent=3691"}],"wp:term":[{"taxonomy":"category","embeddable":true,"href":"https:\/\/agora.xtec.cat\/sesmcarrascoformiguera-sfc\/wp-json\/wp\/v2\/categories?post=3691"},{"taxonomy":"post_tag","embeddable":true,"href":"https:\/\/agora.xtec.cat\/sesmcarrascoformiguera-sfc\/wp-json\/wp\/v2\/tags?post=3691"}],"curies":[{"name":"wp","href":"https:\/\/api.w.org\/{rel}","templated":true}]}}