{"id":3685,"date":"2021-03-29T18:48:15","date_gmt":"2021-03-29T16:48:15","guid":{"rendered":"http:\/\/agora.xtec.cat\/sesmcarrascoformiguera-sfc\/?p=3685"},"modified":"2021-03-29T18:48:15","modified_gmt":"2021-03-29T16:48:15","slug":"projecte-visita-al-museu-egipci","status":"publish","type":"post","link":"https:\/\/agora.xtec.cat\/sesmcarrascoformiguera-sfc\/general\/projecte-visita-al-museu-egipci\/","title":{"rendered":"Projecte: Visita al Museu Egipci"},"content":{"rendered":"<p>El divendres 26 de mar\u00e7 del 2021, els alumnes de 1r curs van fer una sortida al Museu Egipci de Barcelona amb motiu de la realitzaci\u00f3 del Projecte &#8221; Egipte: La tomba del fara\u00f3&#8221;. L&#8217;activitat va constar de dues parts: la visita guiada de les diferents sales i la realitzaci\u00f3 d&#8217;un taller relacionat amb la momificaci\u00f3 a l&#8217;antic Egipte. La jornada va transc\u00f3rrer amb alegria, il\u00b7lusi\u00f3 , bon comportament i aprofitament per part de l&#8217;alumnat assistent, que va ser del 100 %.<\/p>\n","protected":false},"excerpt":{"rendered":"<p>El divendres 26 de mar\u00e7 del 2021, els alumnes de 1r curs van fer una sortida al Museu Egipci de Barcelona amb motiu de la realitzaci\u00f3 del Projecte &#8221; Egipte: La tomba del fara\u00f3&#8221;. L&#8217;activitat va constar de dues parts: la visita guiada de les&hellip;  <a href=\"https:\/\/agora.xtec.cat\/sesmcarrascoformiguera-sfc\/general\/projecte-visita-al-museu-egipci\/\" title=\"Read Projecte: Visita al Museu Egipci\">Llegeix m\u00e9s\u00bb<\/a><\/p>\n","protected":false},"author":1,"featured_media":3686,"comment_status":"closed","ping_status":"closed","sticky":false,"template":"","format":"standard","meta":{"_bbp_topic_count":0,"_bbp_reply_count":0,"_bbp_total_topic_count":0,"_bbp_total_reply_count":0,"_bbp_voice_count":0,"_bbp_anonymous_reply_count":0,"_bbp_topic_count_hidden":0,"_bbp_reply_count_hidden":0,"_bbp_forum_subforum_count":0,"footnotes":""},"categories":[3,4,1,29],"tags":[],"class_list":["post-3685","post","type-post","status-publish","format-standard","has-post-thumbnail","hentry","category-eso","category-eso-1","category-general","category-portada"],"post_mailing_queue_ids":[],"_links":{"self":[{"href":"https:\/\/agora.xtec.cat\/sesmcarrascoformiguera-sfc\/wp-json\/wp\/v2\/posts\/3685","targetHints":{"allow":["GET"]}}],"collection":[{"href":"https:\/\/agora.xtec.cat\/sesmcarrascoformiguera-sfc\/wp-json\/wp\/v2\/posts"}],"about":[{"href":"https:\/\/agora.xtec.cat\/sesmcarrascoformiguera-sfc\/wp-json\/wp\/v2\/types\/post"}],"author":[{"embeddable":true,"href":"https:\/\/agora.xtec.cat\/sesmcarrascoformiguera-sfc\/wp-json\/wp\/v2\/users\/1"}],"replies":[{"embeddable":true,"href":"https:\/\/agora.xtec.cat\/sesmcarrascoformiguera-sfc\/wp-json\/wp\/v2\/comments?post=3685"}],"version-history":[{"count":1,"href":"https:\/\/agora.xtec.cat\/sesmcarrascoformiguera-sfc\/wp-json\/wp\/v2\/posts\/3685\/revisions"}],"predecessor-version":[{"id":3687,"href":"https:\/\/agora.xtec.cat\/sesmcarrascoformiguera-sfc\/wp-json\/wp\/v2\/posts\/3685\/revisions\/3687"}],"wp:featuredmedia":[{"embeddable":true,"href":"https:\/\/agora.xtec.cat\/sesmcarrascoformiguera-sfc\/wp-json\/wp\/v2\/media\/3686"}],"wp:attachment":[{"href":"https:\/\/agora.xtec.cat\/sesmcarrascoformiguera-sfc\/wp-json\/wp\/v2\/media?parent=3685"}],"wp:term":[{"taxonomy":"category","embeddable":true,"href":"https:\/\/agora.xtec.cat\/sesmcarrascoformiguera-sfc\/wp-json\/wp\/v2\/categories?post=3685"},{"taxonomy":"post_tag","embeddable":true,"href":"https:\/\/agora.xtec.cat\/sesmcarrascoformiguera-sfc\/wp-json\/wp\/v2\/tags?post=3685"}],"curies":[{"name":"wp","href":"https:\/\/api.w.org\/{rel}","templated":true}]}}