{"id":3590,"date":"2021-02-23T08:18:25","date_gmt":"2021-02-23T07:18:25","guid":{"rendered":"http:\/\/agora.xtec.cat\/sesmcarrascoformiguera-sfc\/?p=3590"},"modified":"2021-03-02T16:45:27","modified_gmt":"2021-03-02T15:45:27","slug":"el-laboratori-baixa-a-les-aules","status":"publish","type":"post","link":"https:\/\/agora.xtec.cat\/sesmcarrascoformiguera-sfc\/general\/el-laboratori-baixa-a-les-aules\/","title":{"rendered":"EL LABORATORI BAIXA A LES AULES"},"content":{"rendered":"<p><span style=\"font-weight: 400;\">No podem fer servir el laboratori del Centre degut a la pand\u00e8mia. Doncs b\u00e9, ja ens espavilem, el laboratori baixa a les aules.\u00a0<\/span><\/p>\n<p><span style=\"font-weight: 400;\">L\u2019aprenentatge de les Ci\u00e8ncies no \u00e9s complet si es fa com a un llistat de conceptes nous a aprendre, una cosa \u00e9s aprendre coses sobre la ci\u00e8ncia i una altra ben diferent \u00e9s fer ci\u00e8ncia, aplicar el m\u00e8tode cient\u00edfic per con\u00e8ixer coses noves del nostre entorn natural, aix\u00f2 \u00e9s aprendre ci\u00e8ncies.\u00a0<\/span><\/p>\n<p><span style=\"font-weight: 400;\">No podem renunciar a aquest aprenentatge, els professors de l\u2019\u00e0mbit cientificotecnol\u00f2gic fem una aposta per baixar l\u2019experimentaci\u00f3 a l\u2019aula, aquest curs que tenim tancats el taller de tecnologia i el laboratori.\u00a0<\/span><\/p>\n<p><span style=\"font-weight: 400;\">No \u00e9s el mateix, per\u00f2 l\u2019entusiasme dels alumnes supleix les mancances del sistema.\u00a0<\/span><\/p>\n<p><span style=\"font-weight: 400;\">Tot sigui per ells.\u00a0<\/span><\/p>\n<p><span style=\"font-weight: 400;\">Aprenent amb ells\u00a0 noves formes de fer. Tots som aprenents en la pand\u00e8mia!\u00a0<\/span><\/p>\n<p><span style=\"font-weight: 400;\">Teresa Rodr\u00edguez Verd\u00fan<\/span><\/p>\n<p><span style=\"font-weight: 400;\">Professora de Biologia i Geologia<\/span><\/p>\n<p>Podeu mirar m\u00e9s fotografies a la Galeria fotogr\u00e0fica<\/p>\n","protected":false},"excerpt":{"rendered":"<p>No podem fer servir el laboratori del Centre degut a la pand\u00e8mia. Doncs b\u00e9, ja ens espavilem, el laboratori baixa a les aules.\u00a0<br \/>\nL\u2019aprenentatge de les Ci\u00e8ncies no \u00e9s complet si es fa com a un llistat de conceptes nous a aprendre, una cosa \u00e9s aprendre&hellip;  <a href=\"https:\/\/agora.xtec.cat\/sesmcarrascoformiguera-sfc\/general\/el-laboratori-baixa-a-les-aules\/\" title=\"Read EL LABORATORI BAIXA A LES AULES\">Llegeix m\u00e9s\u00bb<\/a><\/p>\n","protected":false},"author":1,"featured_media":3591,"comment_status":"closed","ping_status":"closed","sticky":false,"template":"","format":"standard","meta":{"_bbp_topic_count":0,"_bbp_reply_count":0,"_bbp_total_topic_count":0,"_bbp_total_reply_count":0,"_bbp_voice_count":0,"_bbp_anonymous_reply_count":0,"_bbp_topic_count_hidden":0,"_bbp_reply_count_hidden":0,"_bbp_forum_subforum_count":0,"footnotes":""},"categories":[3,4,6,7,1,29],"tags":[],"class_list":["post-3590","post","type-post","status-publish","format-standard","has-post-thumbnail","hentry","category-eso","category-eso-1","category-eso-3","category-eso-4","category-general","category-portada"],"post_mailing_queue_ids":[],"_links":{"self":[{"href":"https:\/\/agora.xtec.cat\/sesmcarrascoformiguera-sfc\/wp-json\/wp\/v2\/posts\/3590","targetHints":{"allow":["GET"]}}],"collection":[{"href":"https:\/\/agora.xtec.cat\/sesmcarrascoformiguera-sfc\/wp-json\/wp\/v2\/posts"}],"about":[{"href":"https:\/\/agora.xtec.cat\/sesmcarrascoformiguera-sfc\/wp-json\/wp\/v2\/types\/post"}],"author":[{"embeddable":true,"href":"https:\/\/agora.xtec.cat\/sesmcarrascoformiguera-sfc\/wp-json\/wp\/v2\/users\/1"}],"replies":[{"embeddable":true,"href":"https:\/\/agora.xtec.cat\/sesmcarrascoformiguera-sfc\/wp-json\/wp\/v2\/comments?post=3590"}],"version-history":[{"count":1,"href":"https:\/\/agora.xtec.cat\/sesmcarrascoformiguera-sfc\/wp-json\/wp\/v2\/posts\/3590\/revisions"}],"predecessor-version":[{"id":3592,"href":"https:\/\/agora.xtec.cat\/sesmcarrascoformiguera-sfc\/wp-json\/wp\/v2\/posts\/3590\/revisions\/3592"}],"wp:featuredmedia":[{"embeddable":true,"href":"https:\/\/agora.xtec.cat\/sesmcarrascoformiguera-sfc\/wp-json\/wp\/v2\/media\/3591"}],"wp:attachment":[{"href":"https:\/\/agora.xtec.cat\/sesmcarrascoformiguera-sfc\/wp-json\/wp\/v2\/media?parent=3590"}],"wp:term":[{"taxonomy":"category","embeddable":true,"href":"https:\/\/agora.xtec.cat\/sesmcarrascoformiguera-sfc\/wp-json\/wp\/v2\/categories?post=3590"},{"taxonomy":"post_tag","embeddable":true,"href":"https:\/\/agora.xtec.cat\/sesmcarrascoformiguera-sfc\/wp-json\/wp\/v2\/tags?post=3590"}],"curies":[{"name":"wp","href":"https:\/\/api.w.org\/{rel}","templated":true}]}}