{"id":3585,"date":"2021-01-19T08:31:22","date_gmt":"2021-01-19T07:31:22","guid":{"rendered":"http:\/\/agora.xtec.cat\/sesmcarrascoformiguera-sfc\/?p=3585"},"modified":"2021-01-19T08:31:22","modified_gmt":"2021-01-19T07:31:22","slug":"projecte-un-mon-millor","status":"publish","type":"post","link":"https:\/\/agora.xtec.cat\/sesmcarrascoformiguera-sfc\/general\/projecte-un-mon-millor\/","title":{"rendered":"Projecte Un m\u00f3n millor"},"content":{"rendered":"<p><b>4t d\u2019ESO i Aula Natura<\/b><\/p>\n<p><span style=\"font-weight: 400;\">Per tancar el primer trimestre, els alumnes de 4t d\u2019ESO i Aula Natura, <\/span><span style=\"font-weight: 400;\">hem treballat per grups el projecte \u201cUn M\u00f3n Millor\u201d, en el qual hem conegut diferents mirades; la mirada social, l\u2019ecol\u00f2gica i natural i la mirada \u00e8tica.\u00a0<\/span><\/p>\n<p><span style=\"font-weight: 400;\">Gr\u00e0cies a aquest projecte hem apr\u00e8s a ser m\u00e9s conscients del que passa al nostre voltant i a saber com poder ajudar la gent que ho necessita. Ha estat una setmana plena d\u2019emocions i sentiments contradictoris que ens han ajudat a ser millors persones.\u00a0<\/span><\/p>\n<p><span style=\"font-weight: 400;\">En aquet context, cal comentar que vam tenir el plaer de rebre una xerrada d\u2019un grup de persones de Sant Feliu que lluita per un Sant Feliu m\u00e9s sostenible i d\u2019una membre de l\u2019Associaci\u00f3 Pallapupas.\u00a0<\/span><\/p>\n<p><span style=\"font-weight: 400;\">La xerrada de Pallapupas ens va colpir molt i vam decidir fer una donaci\u00f3 econ\u00f2mica i simb\u00f2lica a l\u2019associaci\u00f3.\u00a0<\/span><\/p>\n<p><span style=\"font-weight: 400;\">Adjunt hi trobareu la certificaci\u00f3 de donacions que ens ha fet arribar Pallapupas pel donatiu que els alumnes i els professors de 4t hem realitzat.\u00a0<\/span><\/p>\n<p><span style=\"font-weight: 400;\">Elsa Palacios<\/span><\/p>\n<p><a href=\"https:\/\/drive.google.com\/file\/d\/1y-S6pFbTtztcoxesr5PYs21G0OUr34vp\/view?usp=sharing\">Certificaci\u00f3<\/a><\/p>\n","protected":false},"excerpt":{"rendered":"<p>4t d\u2019ESO i Aula Natura<br \/>\nPer tancar el primer trimestre, els alumnes de 4t d\u2019ESO i Aula Natura, hem treballat per grups el projecte \u201cUn M\u00f3n Millor\u201d, en el qual hem conegut diferents mirades; la mirada social, l\u2019ecol\u00f2gica i natural i la mirada \u00e8tica.\u00a0<br \/>\nGr\u00e0cies a aquest&hellip;  <a href=\"https:\/\/agora.xtec.cat\/sesmcarrascoformiguera-sfc\/general\/projecte-un-mon-millor\/\" title=\"Read Projecte Un m\u00f3n millor\">Llegeix m\u00e9s\u00bb<\/a><\/p>\n","protected":false},"author":1,"featured_media":3587,"comment_status":"closed","ping_status":"closed","sticky":false,"template":"","format":"standard","meta":{"_bbp_topic_count":0,"_bbp_reply_count":0,"_bbp_total_topic_count":0,"_bbp_total_reply_count":0,"_bbp_voice_count":0,"_bbp_anonymous_reply_count":0,"_bbp_topic_count_hidden":0,"_bbp_reply_count_hidden":0,"_bbp_forum_subforum_count":0,"footnotes":""},"categories":[7,1,29],"tags":[],"class_list":["post-3585","post","type-post","status-publish","format-standard","has-post-thumbnail","hentry","category-eso-4","category-general","category-portada"],"post_mailing_queue_ids":[],"_links":{"self":[{"href":"https:\/\/agora.xtec.cat\/sesmcarrascoformiguera-sfc\/wp-json\/wp\/v2\/posts\/3585","targetHints":{"allow":["GET"]}}],"collection":[{"href":"https:\/\/agora.xtec.cat\/sesmcarrascoformiguera-sfc\/wp-json\/wp\/v2\/posts"}],"about":[{"href":"https:\/\/agora.xtec.cat\/sesmcarrascoformiguera-sfc\/wp-json\/wp\/v2\/types\/post"}],"author":[{"embeddable":true,"href":"https:\/\/agora.xtec.cat\/sesmcarrascoformiguera-sfc\/wp-json\/wp\/v2\/users\/1"}],"replies":[{"embeddable":true,"href":"https:\/\/agora.xtec.cat\/sesmcarrascoformiguera-sfc\/wp-json\/wp\/v2\/comments?post=3585"}],"version-history":[{"count":1,"href":"https:\/\/agora.xtec.cat\/sesmcarrascoformiguera-sfc\/wp-json\/wp\/v2\/posts\/3585\/revisions"}],"predecessor-version":[{"id":3588,"href":"https:\/\/agora.xtec.cat\/sesmcarrascoformiguera-sfc\/wp-json\/wp\/v2\/posts\/3585\/revisions\/3588"}],"wp:featuredmedia":[{"embeddable":true,"href":"https:\/\/agora.xtec.cat\/sesmcarrascoformiguera-sfc\/wp-json\/wp\/v2\/media\/3587"}],"wp:attachment":[{"href":"https:\/\/agora.xtec.cat\/sesmcarrascoformiguera-sfc\/wp-json\/wp\/v2\/media?parent=3585"}],"wp:term":[{"taxonomy":"category","embeddable":true,"href":"https:\/\/agora.xtec.cat\/sesmcarrascoformiguera-sfc\/wp-json\/wp\/v2\/categories?post=3585"},{"taxonomy":"post_tag","embeddable":true,"href":"https:\/\/agora.xtec.cat\/sesmcarrascoformiguera-sfc\/wp-json\/wp\/v2\/tags?post=3585"}],"curies":[{"name":"wp","href":"https:\/\/api.w.org\/{rel}","templated":true}]}}