{"id":3545,"date":"2020-12-09T11:32:55","date_gmt":"2020-12-09T10:32:55","guid":{"rendered":"http:\/\/agora.xtec.cat\/sesmcarrascoformiguera-sfc\/?p=3545"},"modified":"2020-12-09T11:33:25","modified_gmt":"2020-12-09T10:33:25","slug":"projecte-deconomia-a-3r-deso","status":"publish","type":"post","link":"https:\/\/agora.xtec.cat\/sesmcarrascoformiguera-sfc\/general\/projecte-deconomia-a-3r-deso\/","title":{"rendered":"Projecte d&#8217;Economia a 3r d&#8217;ESO"},"content":{"rendered":"<div><span style=\"font-size: large;\">Durant el mes de novembre els grups de Tercer d&#8217;ESO de l&#8217;institut hem treballat els diferents sectors de l&#8217;economia.<\/span><\/div>\n<div><\/div>\n<div><span style=\"font-size: large;\">En grups repartits segons el sector productiu han elaborat diferents infografies per explicar com s\u00f3n activitats com l&#8217;agricultura o la ramaderia, respecte el sector primari, la ind\u00fastria o la mineria, respecte el secundari, o els transports i el comer\u00e7 o les finances i el turisme, respecte els serveis, en les diferents \u00e0rees geogr\u00e0fiques de la nostra realitat: Europa, Estat espanyol, Catalunya i Sant Feliu de Codines.\u00a0<\/span><\/div>\n<div><\/div>\n<div><span style=\"font-size: large;\">Un cop acabades les infografies on han mostrat tota la informaci\u00f3 treballada, s&#8217;han autoavaluat entre ells i elles.<\/span><\/div>\n<div><\/div>\n<div><span style=\"font-size: large;\">Esperem que seguim aprenent dels p\u00f2sters que tenim penjats al passad\u00eds per continuar aquest projecte de llarg recorregut a la tornada de les vacances d&#8217;hivern.<\/span><\/div>\n","protected":false},"excerpt":{"rendered":"<p>Durant el mes de novembre els grups de Tercer d&#8217;ESO de l&#8217;institut hem treballat els diferents sectors de l&#8217;economia.<\/p>\n<p>En grups repartits segons el sector productiu han elaborat diferents infografies per explicar com s\u00f3n activitats com l&#8217;agricultura o la ramaderia, respecte el sector primari, la ind\u00fastria&hellip;  <a href=\"https:\/\/agora.xtec.cat\/sesmcarrascoformiguera-sfc\/general\/projecte-deconomia-a-3r-deso\/\" title=\"Read Projecte d&#8217;Economia a 3r d&#8217;ESO\">Llegeix m\u00e9s\u00bb<\/a><\/p>\n","protected":false},"author":1,"featured_media":3543,"comment_status":"closed","ping_status":"closed","sticky":false,"template":"","format":"standard","meta":{"_bbp_topic_count":0,"_bbp_reply_count":0,"_bbp_total_topic_count":0,"_bbp_total_reply_count":0,"_bbp_voice_count":0,"_bbp_anonymous_reply_count":0,"_bbp_topic_count_hidden":0,"_bbp_reply_count_hidden":0,"_bbp_forum_subforum_count":0,"footnotes":""},"categories":[3,6,1,29],"tags":[],"class_list":["post-3545","post","type-post","status-publish","format-standard","has-post-thumbnail","hentry","category-eso","category-eso-3","category-general","category-portada"],"post_mailing_queue_ids":[],"_links":{"self":[{"href":"https:\/\/agora.xtec.cat\/sesmcarrascoformiguera-sfc\/wp-json\/wp\/v2\/posts\/3545","targetHints":{"allow":["GET"]}}],"collection":[{"href":"https:\/\/agora.xtec.cat\/sesmcarrascoformiguera-sfc\/wp-json\/wp\/v2\/posts"}],"about":[{"href":"https:\/\/agora.xtec.cat\/sesmcarrascoformiguera-sfc\/wp-json\/wp\/v2\/types\/post"}],"author":[{"embeddable":true,"href":"https:\/\/agora.xtec.cat\/sesmcarrascoformiguera-sfc\/wp-json\/wp\/v2\/users\/1"}],"replies":[{"embeddable":true,"href":"https:\/\/agora.xtec.cat\/sesmcarrascoformiguera-sfc\/wp-json\/wp\/v2\/comments?post=3545"}],"version-history":[{"count":1,"href":"https:\/\/agora.xtec.cat\/sesmcarrascoformiguera-sfc\/wp-json\/wp\/v2\/posts\/3545\/revisions"}],"predecessor-version":[{"id":3546,"href":"https:\/\/agora.xtec.cat\/sesmcarrascoformiguera-sfc\/wp-json\/wp\/v2\/posts\/3545\/revisions\/3546"}],"wp:featuredmedia":[{"embeddable":true,"href":"https:\/\/agora.xtec.cat\/sesmcarrascoformiguera-sfc\/wp-json\/wp\/v2\/media\/3543"}],"wp:attachment":[{"href":"https:\/\/agora.xtec.cat\/sesmcarrascoformiguera-sfc\/wp-json\/wp\/v2\/media?parent=3545"}],"wp:term":[{"taxonomy":"category","embeddable":true,"href":"https:\/\/agora.xtec.cat\/sesmcarrascoformiguera-sfc\/wp-json\/wp\/v2\/categories?post=3545"},{"taxonomy":"post_tag","embeddable":true,"href":"https:\/\/agora.xtec.cat\/sesmcarrascoformiguera-sfc\/wp-json\/wp\/v2\/tags?post=3545"}],"curies":[{"name":"wp","href":"https:\/\/api.w.org\/{rel}","templated":true}]}}