{"id":3538,"date":"2020-12-06T16:23:15","date_gmt":"2020-12-06T15:23:15","guid":{"rendered":"http:\/\/agora.xtec.cat\/sesmcarrascoformiguera-sfc\/?p=3538"},"modified":"2020-12-06T16:24:40","modified_gmt":"2020-12-06T15:24:40","slug":"un-origami-un-euro-2","status":"publish","type":"post","link":"https:\/\/agora.xtec.cat\/sesmcarrascoformiguera-sfc\/general\/un-origami-un-euro-2\/","title":{"rendered":"Un origami, un euro"},"content":{"rendered":"<p><span style=\"font-weight: 400;\">Els alumnes de visual i pl\u00e0stica de l\u2019institut hem estat treballant de valent en la campanya solid\u00e0ria\u00a0 \u201c1 origami, 1 euro\u201d, que promociona la Fundaci\u00f3 MGC.<\/span><\/p>\n<p><span style=\"font-weight: 400;\">Amb la nostra feina hem aconseguit fer 190 grues de paper i aix\u00ed hem pogut col\u00b7laborar amb un bon donatiu per la Marat\u00f3 de TV3, que aquest any 2020 destina els seus beneficis a la lluita contra la Covid-19.<\/span><\/p>\n<p><span style=\"font-weight: 400;\">Alhora, hem apr\u00e8s una bonica llegenda oriental coneguda com \u201cel fil vermell del dest\u00ed\u201d que explica que hi ha persones que estan destinades a con\u00e8ixer-se gr\u00e0cies al fil que ens acompanya des que naixem. El fil est\u00e0 lligat als dits petits de la m\u00e0 i es pot allargar, tensar i destensar, per\u00f2 no es pot esquin\u00e7ar ni desapar\u00e8ixer: tant \u00e9s el temps i la dist\u00e0ncia que hi hagi entre aquestes persones.<\/span><\/p>\n<p><span style=\"font-weight: 400;\">Malauradament, enguany hem de guardar les dist\u00e0ncies f\u00edsiques entre nosaltres per a un b\u00e9 com\u00fa. Precisament aix\u00f2, per\u00f2, ens ha fet pensar que, malgrat no poder abra\u00e7ar-nos tan sovint com voldr\u00edem, d\u2019alguna manera, potser estem connectats a un altre nivell amb el fil vermell.\u00a0Un fil que ens connecta i que ens permet estar units malgrat les circumst\u00e0ncies.<\/span><\/p>\n","protected":false},"excerpt":{"rendered":"<p>Els alumnes de visual i pl\u00e0stica de l\u2019institut hem estat treballant de valent en la campanya solid\u00e0ria\u00a0 \u201c1 origami, 1 euro\u201d, que promociona la Fundaci\u00f3 MGC.<br \/>\nAmb la nostra feina hem aconseguit fer 190 grues de paper i aix\u00ed hem pogut col\u00b7laborar amb un bon donatiu&hellip;  <a href=\"https:\/\/agora.xtec.cat\/sesmcarrascoformiguera-sfc\/general\/un-origami-un-euro-2\/\" title=\"Read Un origami, un euro\">Llegeix m\u00e9s\u00bb<\/a><\/p>\n","protected":false},"author":1,"featured_media":3539,"comment_status":"closed","ping_status":"closed","sticky":false,"template":"","format":"standard","meta":{"_bbp_topic_count":0,"_bbp_reply_count":0,"_bbp_total_topic_count":0,"_bbp_total_reply_count":0,"_bbp_voice_count":0,"_bbp_anonymous_reply_count":0,"_bbp_topic_count_hidden":0,"_bbp_reply_count_hidden":0,"_bbp_forum_subforum_count":0,"footnotes":""},"categories":[3,1,29],"tags":[],"class_list":["post-3538","post","type-post","status-publish","format-standard","has-post-thumbnail","hentry","category-eso","category-general","category-portada"],"post_mailing_queue_ids":[],"_links":{"self":[{"href":"https:\/\/agora.xtec.cat\/sesmcarrascoformiguera-sfc\/wp-json\/wp\/v2\/posts\/3538","targetHints":{"allow":["GET"]}}],"collection":[{"href":"https:\/\/agora.xtec.cat\/sesmcarrascoformiguera-sfc\/wp-json\/wp\/v2\/posts"}],"about":[{"href":"https:\/\/agora.xtec.cat\/sesmcarrascoformiguera-sfc\/wp-json\/wp\/v2\/types\/post"}],"author":[{"embeddable":true,"href":"https:\/\/agora.xtec.cat\/sesmcarrascoformiguera-sfc\/wp-json\/wp\/v2\/users\/1"}],"replies":[{"embeddable":true,"href":"https:\/\/agora.xtec.cat\/sesmcarrascoformiguera-sfc\/wp-json\/wp\/v2\/comments?post=3538"}],"version-history":[{"count":1,"href":"https:\/\/agora.xtec.cat\/sesmcarrascoformiguera-sfc\/wp-json\/wp\/v2\/posts\/3538\/revisions"}],"predecessor-version":[{"id":3540,"href":"https:\/\/agora.xtec.cat\/sesmcarrascoformiguera-sfc\/wp-json\/wp\/v2\/posts\/3538\/revisions\/3540"}],"wp:featuredmedia":[{"embeddable":true,"href":"https:\/\/agora.xtec.cat\/sesmcarrascoformiguera-sfc\/wp-json\/wp\/v2\/media\/3539"}],"wp:attachment":[{"href":"https:\/\/agora.xtec.cat\/sesmcarrascoformiguera-sfc\/wp-json\/wp\/v2\/media?parent=3538"}],"wp:term":[{"taxonomy":"category","embeddable":true,"href":"https:\/\/agora.xtec.cat\/sesmcarrascoformiguera-sfc\/wp-json\/wp\/v2\/categories?post=3538"},{"taxonomy":"post_tag","embeddable":true,"href":"https:\/\/agora.xtec.cat\/sesmcarrascoformiguera-sfc\/wp-json\/wp\/v2\/tags?post=3538"}],"curies":[{"name":"wp","href":"https:\/\/api.w.org\/{rel}","templated":true}]}}