{"id":3528,"date":"2020-11-27T18:57:45","date_gmt":"2020-11-27T17:57:45","guid":{"rendered":"http:\/\/agora.xtec.cat\/sesmcarrascoformiguera-sfc\/?p=3528"},"modified":"2021-03-02T16:43:08","modified_gmt":"2021-03-02T15:43:08","slug":"donacio-de-teixits-i-dorgans","status":"publish","type":"post","link":"https:\/\/agora.xtec.cat\/sesmcarrascoformiguera-sfc\/general\/donacio-de-teixits-i-dorgans\/","title":{"rendered":"Donaci\u00f3 de teixits i d&#8217;\u00f2rgans"},"content":{"rendered":"<div>Els de tercer hem fet un treball sobre la donaci\u00f3 de teixits i d&#8217;\u00f2rgans.<\/div>\n<div><\/div>\n<div>En l&#8217;estudi dels teixits i \u00f2rgans que formen el cos hum\u00e0 aparegu\u00e9 la possibilitat d&#8217;estudiar el trasplantament que\u00a0 consisteix en la substituci\u00f3 d&#8217;un \u00f2rgan (o teixit) deteriorat per un altre que funciona correctament. \u00c9s un tractament que en alguns casos serveix per millorar la qualitat de vida de les persones per\u00f2, en molts altres, constitueix la \u00fanica esperan\u00e7a de vida.<\/div>\n<div><\/div>\n<div>Com que no hi ha trasplantament sense donaci\u00f3, decid\u00edrem fer una petita campanya creant els nostres propis cartells per tal d&#8217;animar les persones a fer-se\u00a0 donants d&#8217;\u00f2rgans, teixits i fins i tot c\u00e8l\u00b7lules.<\/div>\n<div><\/div>\n<div>A m\u00e9s dels cartells vam participar en un concurs de votacions online obtenint-ne les seg\u00fcents guanyadores (cliqueu a sobre i podreu veure els cartells):<\/div>\n<div><\/div>\n<div>3er A: <a href=\"https:\/\/drive.google.com\/file\/d\/150eLABk4fUwMGoe0aSkV7LOGzpk9k6QY\/view?usp=sharing\">Laia Mart\u00ed<\/a><\/div>\n<div>3er B: <a href=\"https:\/\/drive.google.com\/file\/d\/1wr_l-OH5GKfJn-F8HRdr4380iDPVmI3R\/view?usp=sharing\">Marta Aibar<\/a><\/div>\n<div>3er C: <a href=\"https:\/\/drive.google.com\/file\/d\/1qvZZOPcjyGmlcZBp-q73xf898gwCxFCi\/view?usp=sharing\">Andrea Moya<\/a><\/div>\n","protected":false},"excerpt":{"rendered":"<p>Els de tercer hem fet un treball sobre la donaci\u00f3 de teixits i d&#8217;\u00f2rgans.<\/p>\n<p>En l&#8217;estudi dels teixits i \u00f2rgans que formen el cos hum\u00e0 aparegu\u00e9 la possibilitat d&#8217;estudiar el trasplantament que\u00a0 consisteix en la substituci\u00f3 d&#8217;un \u00f2rgan (o teixit) deteriorat per un altre que funciona&hellip;  <a href=\"https:\/\/agora.xtec.cat\/sesmcarrascoformiguera-sfc\/general\/donacio-de-teixits-i-dorgans\/\" title=\"Read Donaci\u00f3 de teixits i d&#8217;\u00f2rgans\">Llegeix m\u00e9s\u00bb<\/a><\/p>\n","protected":false},"author":1,"featured_media":0,"comment_status":"closed","ping_status":"closed","sticky":false,"template":"","format":"standard","meta":{"_bbp_topic_count":0,"_bbp_reply_count":0,"_bbp_total_topic_count":0,"_bbp_total_reply_count":0,"_bbp_voice_count":0,"_bbp_anonymous_reply_count":0,"_bbp_topic_count_hidden":0,"_bbp_reply_count_hidden":0,"_bbp_forum_subforum_count":0,"footnotes":""},"categories":[3,6,1,29],"tags":[],"class_list":["post-3528","post","type-post","status-publish","format-standard","hentry","category-eso","category-eso-3","category-general","category-portada"],"post_mailing_queue_ids":[],"_links":{"self":[{"href":"https:\/\/agora.xtec.cat\/sesmcarrascoformiguera-sfc\/wp-json\/wp\/v2\/posts\/3528","targetHints":{"allow":["GET"]}}],"collection":[{"href":"https:\/\/agora.xtec.cat\/sesmcarrascoformiguera-sfc\/wp-json\/wp\/v2\/posts"}],"about":[{"href":"https:\/\/agora.xtec.cat\/sesmcarrascoformiguera-sfc\/wp-json\/wp\/v2\/types\/post"}],"author":[{"embeddable":true,"href":"https:\/\/agora.xtec.cat\/sesmcarrascoformiguera-sfc\/wp-json\/wp\/v2\/users\/1"}],"replies":[{"embeddable":true,"href":"https:\/\/agora.xtec.cat\/sesmcarrascoformiguera-sfc\/wp-json\/wp\/v2\/comments?post=3528"}],"version-history":[{"count":1,"href":"https:\/\/agora.xtec.cat\/sesmcarrascoformiguera-sfc\/wp-json\/wp\/v2\/posts\/3528\/revisions"}],"predecessor-version":[{"id":3529,"href":"https:\/\/agora.xtec.cat\/sesmcarrascoformiguera-sfc\/wp-json\/wp\/v2\/posts\/3528\/revisions\/3529"}],"wp:attachment":[{"href":"https:\/\/agora.xtec.cat\/sesmcarrascoformiguera-sfc\/wp-json\/wp\/v2\/media?parent=3528"}],"wp:term":[{"taxonomy":"category","embeddable":true,"href":"https:\/\/agora.xtec.cat\/sesmcarrascoformiguera-sfc\/wp-json\/wp\/v2\/categories?post=3528"},{"taxonomy":"post_tag","embeddable":true,"href":"https:\/\/agora.xtec.cat\/sesmcarrascoformiguera-sfc\/wp-json\/wp\/v2\/tags?post=3528"}],"curies":[{"name":"wp","href":"https:\/\/api.w.org\/{rel}","templated":true}]}}