{"id":3439,"date":"2020-04-25T11:11:49","date_gmt":"2020-04-25T09:11:49","guid":{"rendered":"http:\/\/agora.xtec.cat\/sesmcarrascoformiguera-sfc\/?p=3439"},"modified":"2020-04-25T11:12:23","modified_gmt":"2020-04-25T09:12:23","slug":"guanyadors-i-finalistes-del-concurs-de-punts-de-llibre-de-la-biblioteca","status":"publish","type":"post","link":"https:\/\/agora.xtec.cat\/sesmcarrascoformiguera-sfc\/general\/guanyadors-i-finalistes-del-concurs-de-punts-de-llibre-de-la-biblioteca\/","title":{"rendered":"GUANYADORS I FINALISTES DEL CONCURS DE PUNTS DE LLIBRE DE LA BIBLIOTECA"},"content":{"rendered":"<p style=\"font-weight: 400;\">Ja tenim les guanyadores i finalistes del concurs de Punts de llibre que ha organitzat la biblioteca Joan Petit Aguilar de nostre municipi.<\/p>\n<p style=\"font-weight: 400;\">Des del centre volem felicitar a les nostres alumnes: J\u00falia Rodr\u00edguez Costa (1rESO) guanyadora en la Categoria E, i a la Berta Ru\u00edz Grau (1rESO) i Mireia Garc\u00eda Par\u00e9 (2n ESO) \u00a0finalistes en la mateixa Categoria.<\/p>\n<p style=\"font-weight: 400;\">De moment podeu trobar els premiats i finalistes al instagram de la Biblioteca perqu\u00e8 els pugui veure tothom.<\/p>\n<p style=\"font-weight: 400;\"><strong>ENHORABONA A TOTES TRES!!! Estem molt orgullosos de vosaltres!!!!<\/strong><\/p>\n<p style=\"font-weight: 400;\">INS M.CARRASCO I FORMIGUERA<\/p>\n","protected":false},"excerpt":{"rendered":"<p>Ja tenim les guanyadores i finalistes del concurs de Punts de llibre que ha organitzat la biblioteca Joan Petit Aguilar de nostre municipi.<br \/>\nDes del centre volem felicitar a les nostres alumnes: J\u00falia Rodr\u00edguez Costa (1rESO) guanyadora en la Categoria E, i a la Berta Ru\u00edz&hellip;  <a href=\"https:\/\/agora.xtec.cat\/sesmcarrascoformiguera-sfc\/general\/guanyadors-i-finalistes-del-concurs-de-punts-de-llibre-de-la-biblioteca\/\" title=\"Read GUANYADORS I FINALISTES DEL CONCURS DE PUNTS DE LLIBRE DE LA BIBLIOTECA\">Llegeix m\u00e9s\u00bb<\/a><\/p>\n","protected":false},"author":1,"featured_media":0,"comment_status":"open","ping_status":"closed","sticky":false,"template":"","format":"standard","meta":{"_bbp_topic_count":0,"_bbp_reply_count":0,"_bbp_total_topic_count":0,"_bbp_total_reply_count":0,"_bbp_voice_count":0,"_bbp_anonymous_reply_count":0,"_bbp_topic_count_hidden":0,"_bbp_reply_count_hidden":0,"_bbp_forum_subforum_count":0,"footnotes":""},"categories":[31,3,1,29],"tags":[],"class_list":["post-3439","post","type-post","status-publish","format-standard","hentry","category-ampa","category-eso","category-general","category-portada"],"post_mailing_queue_ids":[],"_links":{"self":[{"href":"https:\/\/agora.xtec.cat\/sesmcarrascoformiguera-sfc\/wp-json\/wp\/v2\/posts\/3439","targetHints":{"allow":["GET"]}}],"collection":[{"href":"https:\/\/agora.xtec.cat\/sesmcarrascoformiguera-sfc\/wp-json\/wp\/v2\/posts"}],"about":[{"href":"https:\/\/agora.xtec.cat\/sesmcarrascoformiguera-sfc\/wp-json\/wp\/v2\/types\/post"}],"author":[{"embeddable":true,"href":"https:\/\/agora.xtec.cat\/sesmcarrascoformiguera-sfc\/wp-json\/wp\/v2\/users\/1"}],"replies":[{"embeddable":true,"href":"https:\/\/agora.xtec.cat\/sesmcarrascoformiguera-sfc\/wp-json\/wp\/v2\/comments?post=3439"}],"version-history":[{"count":1,"href":"https:\/\/agora.xtec.cat\/sesmcarrascoformiguera-sfc\/wp-json\/wp\/v2\/posts\/3439\/revisions"}],"predecessor-version":[{"id":3440,"href":"https:\/\/agora.xtec.cat\/sesmcarrascoformiguera-sfc\/wp-json\/wp\/v2\/posts\/3439\/revisions\/3440"}],"wp:attachment":[{"href":"https:\/\/agora.xtec.cat\/sesmcarrascoformiguera-sfc\/wp-json\/wp\/v2\/media?parent=3439"}],"wp:term":[{"taxonomy":"category","embeddable":true,"href":"https:\/\/agora.xtec.cat\/sesmcarrascoformiguera-sfc\/wp-json\/wp\/v2\/categories?post=3439"},{"taxonomy":"post_tag","embeddable":true,"href":"https:\/\/agora.xtec.cat\/sesmcarrascoformiguera-sfc\/wp-json\/wp\/v2\/tags?post=3439"}],"curies":[{"name":"wp","href":"https:\/\/api.w.org\/{rel}","templated":true}]}}