{"id":3426,"date":"2020-04-24T09:34:11","date_gmt":"2020-04-24T07:34:11","guid":{"rendered":"http:\/\/agora.xtec.cat\/sesmcarrascoformiguera-sfc\/?p=3426"},"modified":"2020-04-24T09:35:02","modified_gmt":"2020-04-24T07:35:02","slug":"agraiment-a-lajuntament-de-sant-feliu-de-codines","status":"publish","type":"post","link":"https:\/\/agora.xtec.cat\/sesmcarrascoformiguera-sfc\/general\/agraiment-a-lajuntament-de-sant-feliu-de-codines\/","title":{"rendered":"AGRA\u00cfMENT A L&#8217;AJUNTAMENT DE SANT FELIU DE CODINES"},"content":{"rendered":"<p style=\"font-weight: 400;\">En\u00a0 nom de l\u2019Institut Manuel Carrasco i Formiguera donem les gr\u00e0cies a l&#8217;Ajuntament de Sant Feliu de Codines per trencar la bretxa digital que estem vivint.<\/p>\n<p style=\"font-weight: 400;\">En especial, volem fer arribar el nostre m\u00e9s sincer agra\u00efment, al Sr Alcade\u00a0Pere Pladevall,\u00a0 a la regidora d\u2019Ensenyament, la Sra. Laura Petit i el Sr. Manel Vila des de la regidoria de Noves Tecnologies, que han fet possible el repartiment dels equips inform\u00e0tics del nostre centre i, sobretot, per donar connexi\u00f3 a internet de forma gratu\u00efta a aquells alumnes que no en disposaven a casa.\u00a0En nom de tota la nostra comunitat educativa, el nostre reconeixement i gratitud per la sensibilitat desmostrada cap al nostre centre escolar en aquest moment tan dif\u00edcil que estem vivint i on els recursos s\u00f3n, a vegades, dif\u00edcils d&#8217;aconseguir.<\/p>\n<p style=\"font-weight: 400;\">Aquestes connexions i ordinadors seran de molta utilitat per als nostres alumnes que podran disposar d&#8217;ells per a les seves tasques i projectes diaris en aquest per\u00edode de confinament escolar.<\/p>\n","protected":false},"excerpt":{"rendered":"<p>En\u00a0 nom de l\u2019Institut Manuel Carrasco i Formiguera donem les gr\u00e0cies a l&#8217;Ajuntament de Sant Feliu de Codines per trencar la bretxa digital que estem vivint.<br \/>\nEn especial, volem fer arribar el nostre m\u00e9s sincer agra\u00efment, al Sr Alcade\u00a0Pere Pladevall,\u00a0 a la regidora d\u2019Ensenyament, la Sra.&hellip;  <a href=\"https:\/\/agora.xtec.cat\/sesmcarrascoformiguera-sfc\/general\/agraiment-a-lajuntament-de-sant-feliu-de-codines\/\" title=\"Read AGRA\u00cfMENT A L&#8217;AJUNTAMENT DE SANT FELIU DE CODINES\">Llegeix m\u00e9s\u00bb<\/a><\/p>\n","protected":false},"author":1,"featured_media":0,"comment_status":"open","ping_status":"closed","sticky":false,"template":"","format":"standard","meta":{"_bbp_topic_count":0,"_bbp_reply_count":0,"_bbp_total_topic_count":0,"_bbp_total_reply_count":0,"_bbp_voice_count":0,"_bbp_anonymous_reply_count":0,"_bbp_topic_count_hidden":0,"_bbp_reply_count_hidden":0,"_bbp_forum_subforum_count":0,"footnotes":""},"categories":[31,1,29],"tags":[],"class_list":["post-3426","post","type-post","status-publish","format-standard","hentry","category-ampa","category-general","category-portada"],"post_mailing_queue_ids":[],"_links":{"self":[{"href":"https:\/\/agora.xtec.cat\/sesmcarrascoformiguera-sfc\/wp-json\/wp\/v2\/posts\/3426","targetHints":{"allow":["GET"]}}],"collection":[{"href":"https:\/\/agora.xtec.cat\/sesmcarrascoformiguera-sfc\/wp-json\/wp\/v2\/posts"}],"about":[{"href":"https:\/\/agora.xtec.cat\/sesmcarrascoformiguera-sfc\/wp-json\/wp\/v2\/types\/post"}],"author":[{"embeddable":true,"href":"https:\/\/agora.xtec.cat\/sesmcarrascoformiguera-sfc\/wp-json\/wp\/v2\/users\/1"}],"replies":[{"embeddable":true,"href":"https:\/\/agora.xtec.cat\/sesmcarrascoformiguera-sfc\/wp-json\/wp\/v2\/comments?post=3426"}],"version-history":[{"count":1,"href":"https:\/\/agora.xtec.cat\/sesmcarrascoformiguera-sfc\/wp-json\/wp\/v2\/posts\/3426\/revisions"}],"predecessor-version":[{"id":3427,"href":"https:\/\/agora.xtec.cat\/sesmcarrascoformiguera-sfc\/wp-json\/wp\/v2\/posts\/3426\/revisions\/3427"}],"wp:attachment":[{"href":"https:\/\/agora.xtec.cat\/sesmcarrascoformiguera-sfc\/wp-json\/wp\/v2\/media?parent=3426"}],"wp:term":[{"taxonomy":"category","embeddable":true,"href":"https:\/\/agora.xtec.cat\/sesmcarrascoformiguera-sfc\/wp-json\/wp\/v2\/categories?post=3426"},{"taxonomy":"post_tag","embeddable":true,"href":"https:\/\/agora.xtec.cat\/sesmcarrascoformiguera-sfc\/wp-json\/wp\/v2\/tags?post=3426"}],"curies":[{"name":"wp","href":"https:\/\/api.w.org\/{rel}","templated":true}]}}