{"id":3295,"date":"2020-03-17T17:06:48","date_gmt":"2020-03-17T16:06:48","guid":{"rendered":"http:\/\/agora.xtec.cat\/sesmcarrascoformiguera-sfc\/?p=3295"},"modified":"2020-03-17T17:07:28","modified_gmt":"2020-03-17T16:07:28","slug":"visita-a-la-biblioteca-del-poble-amb-1r-deso","status":"publish","type":"post","link":"https:\/\/agora.xtec.cat\/sesmcarrascoformiguera-sfc\/general\/visita-a-la-biblioteca-del-poble-amb-1r-deso\/","title":{"rendered":"VISITA A LA BIBLIOTECA DEL POBLE AMB 1r D\u2019ESO"},"content":{"rendered":"<div dir=\"auto\">Els alumnes de 1r d\u2019ESO del nostre institut, a principis de mar\u00e7, van visitar la biblioteca del poble per con\u00e8ixer el funcionament del\u00a0<b>cat\u00e0leg<\/b>\u00a0i tots els serveis que ofereixen les biblioteques de la xarxa de la Diputaci\u00f3 de Barcelona. Tamb\u00e9 els van explicar l&#8217;exist\u00e8ncia d&#8217;una\u00a0<b>aplicaci\u00f3 per a m\u00f2bils<\/b>, que permet consultar i demanar llibres en pr\u00e9stec amb el\u00a0<b>carnet de la biblioteca<\/b>\u00a0des de qualsevol\u00a0lloc, fins i tot\u00a0<b>llibres digitals<\/b>\u00a0sense sortir de casa<b>.\u00a0<\/b>Us animen a fer-la servir.<\/div>\n<div dir=\"auto\"><\/div>\n<div dir=\"auto\">Que tingueu una bona lectura!<\/div>\n<div dir=\"auto\"><\/div>\n<div>Enlla\u00e7:\u00a0<a href=\"https:\/\/bibliotecavirtual.diba.cat\/app\" target=\"_blank\" rel=\"noopener noreferrer\" data-saferedirecturl=\"https:\/\/www.google.com\/url?q=https:\/\/bibliotecavirtual.diba.cat\/app&amp;source=gmail&amp;ust=1584547460534000&amp;usg=AFQjCNHQ_diWo5pR2wEg-5MUNakY_aswUA\">https:\/\/<wbr \/>bibliotecavirtual.diba.cat\/app<\/a><\/div>\n","protected":false},"excerpt":{"rendered":"<p>Els alumnes de 1r d\u2019ESO del nostre institut, a principis de mar\u00e7, van visitar la biblioteca del poble per con\u00e8ixer el funcionament del\u00a0cat\u00e0leg\u00a0i tots els serveis que ofereixen les biblioteques de la xarxa de la Diputaci\u00f3 de Barcelona. Tamb\u00e9 els van explicar l&#8217;exist\u00e8ncia d&#8217;una\u00a0aplicaci\u00f3 per&hellip;  <a href=\"https:\/\/agora.xtec.cat\/sesmcarrascoformiguera-sfc\/general\/visita-a-la-biblioteca-del-poble-amb-1r-deso\/\" title=\"Read VISITA A LA BIBLIOTECA DEL POBLE AMB 1r D\u2019ESO\">Llegeix m\u00e9s\u00bb<\/a><\/p>\n","protected":false},"author":1,"featured_media":3296,"comment_status":"open","ping_status":"closed","sticky":false,"template":"","format":"standard","meta":{"_bbp_topic_count":0,"_bbp_reply_count":0,"_bbp_total_topic_count":0,"_bbp_total_reply_count":0,"_bbp_voice_count":0,"_bbp_anonymous_reply_count":0,"_bbp_topic_count_hidden":0,"_bbp_reply_count_hidden":0,"_bbp_forum_subforum_count":0,"footnotes":""},"categories":[4,1,29],"tags":[],"class_list":["post-3295","post","type-post","status-publish","format-standard","has-post-thumbnail","hentry","category-eso-1","category-general","category-portada"],"post_mailing_queue_ids":[],"_links":{"self":[{"href":"https:\/\/agora.xtec.cat\/sesmcarrascoformiguera-sfc\/wp-json\/wp\/v2\/posts\/3295","targetHints":{"allow":["GET"]}}],"collection":[{"href":"https:\/\/agora.xtec.cat\/sesmcarrascoformiguera-sfc\/wp-json\/wp\/v2\/posts"}],"about":[{"href":"https:\/\/agora.xtec.cat\/sesmcarrascoformiguera-sfc\/wp-json\/wp\/v2\/types\/post"}],"author":[{"embeddable":true,"href":"https:\/\/agora.xtec.cat\/sesmcarrascoformiguera-sfc\/wp-json\/wp\/v2\/users\/1"}],"replies":[{"embeddable":true,"href":"https:\/\/agora.xtec.cat\/sesmcarrascoformiguera-sfc\/wp-json\/wp\/v2\/comments?post=3295"}],"version-history":[{"count":1,"href":"https:\/\/agora.xtec.cat\/sesmcarrascoformiguera-sfc\/wp-json\/wp\/v2\/posts\/3295\/revisions"}],"predecessor-version":[{"id":3297,"href":"https:\/\/agora.xtec.cat\/sesmcarrascoformiguera-sfc\/wp-json\/wp\/v2\/posts\/3295\/revisions\/3297"}],"wp:featuredmedia":[{"embeddable":true,"href":"https:\/\/agora.xtec.cat\/sesmcarrascoformiguera-sfc\/wp-json\/wp\/v2\/media\/3296"}],"wp:attachment":[{"href":"https:\/\/agora.xtec.cat\/sesmcarrascoformiguera-sfc\/wp-json\/wp\/v2\/media?parent=3295"}],"wp:term":[{"taxonomy":"category","embeddable":true,"href":"https:\/\/agora.xtec.cat\/sesmcarrascoformiguera-sfc\/wp-json\/wp\/v2\/categories?post=3295"},{"taxonomy":"post_tag","embeddable":true,"href":"https:\/\/agora.xtec.cat\/sesmcarrascoformiguera-sfc\/wp-json\/wp\/v2\/tags?post=3295"}],"curies":[{"name":"wp","href":"https:\/\/api.w.org\/{rel}","templated":true}]}}