{"id":3276,"date":"2020-03-13T14:42:26","date_gmt":"2020-03-13T13:42:26","guid":{"rendered":"http:\/\/agora.xtec.cat\/sesmcarrascoformiguera-sfc\/?p=3276"},"modified":"2020-03-13T14:54:13","modified_gmt":"2020-03-13T13:54:13","slug":"portes-obertes","status":"publish","type":"post","link":"https:\/\/agora.xtec.cat\/sesmcarrascoformiguera-sfc\/general\/portes-obertes\/","title":{"rendered":"Portes obertes"},"content":{"rendered":"<p>Benvolgudes fam\u00edlies,<\/p>\n<p>Seguint les instruccions del Departament d&#8217;Educaci\u00f3, ens veiem obligats a\u00a0<strong>anul\u00b7lar les portes obertes.<\/strong><\/p>\n<p>Ens sap molt greu perqu\u00e8 era una jornada que prepar\u00e0vem amb molta il\u00b7lusi\u00f3.<\/p>\n<p>Us deixem a la p\u00e0gina web un v\u00eddeo i una petita presentaci\u00f3 del nostre Projecte Educatiu:<\/p>\n<p><a href=\"https:\/\/drive.google.com\/open?id=15D82V6u5YXPvWh2RqKz-SN3b2flZvRNi\">Un centre din\u00e0mic i inclusiu<\/a> (versi\u00f3 Power Point) i <a href=\"https:\/\/drive.google.com\/open?id=1vudh-VAt47OGy_-KBDFVvjf2dgcMdoRG\">Un centre din\u00e0mic i inclusiu<\/a> (versi\u00f3 Pdf)<\/p>\n<p><a href=\"https:\/\/drive.google.com\/open?id=13xs1Ziv7EH8j6cGrFiGXPhlhSlwiMADx\">Presentaci\u00f3<\/a> per part de l&#8217;AMPA<\/p>\n<p>Salutacions cordials,<\/p>\n<p>Equip Directiu<\/p>\n<p>&nbsp;<\/p>\n","protected":false},"excerpt":{"rendered":"<p>Benvolgudes fam\u00edlies,<br \/>\nSeguint les instruccions del Departament d&#8217;Educaci\u00f3, ens veiem obligats a\u00a0anul\u00b7lar les portes obertes.<br \/>\nEns sap molt greu perqu\u00e8 era una jornada que prepar\u00e0vem amb molta il\u00b7lusi\u00f3.<br \/>\nUs deixem a la p\u00e0gina web un v\u00eddeo i una petita presentaci\u00f3 del nostre Projecte Educatiu:<br \/>\n<a href=\"https:\/\/drive.google.com\/open?id=15D82V6u5YXPvWh2RqKz-SN3b2flZvRNi\">Un centre din\u00e0mic i&hellip;  <a href=\"https:\/\/agora.xtec.cat\/sesmcarrascoformiguera-sfc\/general\/portes-obertes\/\" title=\"Read Portes obertes\">Llegeix m\u00e9s\u00bb<\/a><\/p>\n","protected":false},"author":1,"featured_media":0,"comment_status":"open","ping_status":"closed","sticky":false,"template":"","format":"standard","meta":{"_bbp_topic_count":0,"_bbp_reply_count":0,"_bbp_total_topic_count":0,"_bbp_total_reply_count":0,"_bbp_voice_count":0,"_bbp_anonymous_reply_count":0,"_bbp_topic_count_hidden":0,"_bbp_reply_count_hidden":0,"_bbp_forum_subforum_count":0,"footnotes":""},"categories":[31,1,29],"tags":[],"class_list":["post-3276","post","type-post","status-publish","format-standard","hentry","category-ampa","category-general","category-portada"],"post_mailing_queue_ids":[],"_links":{"self":[{"href":"https:\/\/agora.xtec.cat\/sesmcarrascoformiguera-sfc\/wp-json\/wp\/v2\/posts\/3276","targetHints":{"allow":["GET"]}}],"collection":[{"href":"https:\/\/agora.xtec.cat\/sesmcarrascoformiguera-sfc\/wp-json\/wp\/v2\/posts"}],"about":[{"href":"https:\/\/agora.xtec.cat\/sesmcarrascoformiguera-sfc\/wp-json\/wp\/v2\/types\/post"}],"author":[{"embeddable":true,"href":"https:\/\/agora.xtec.cat\/sesmcarrascoformiguera-sfc\/wp-json\/wp\/v2\/users\/1"}],"replies":[{"embeddable":true,"href":"https:\/\/agora.xtec.cat\/sesmcarrascoformiguera-sfc\/wp-json\/wp\/v2\/comments?post=3276"}],"version-history":[{"count":2,"href":"https:\/\/agora.xtec.cat\/sesmcarrascoformiguera-sfc\/wp-json\/wp\/v2\/posts\/3276\/revisions"}],"predecessor-version":[{"id":3281,"href":"https:\/\/agora.xtec.cat\/sesmcarrascoformiguera-sfc\/wp-json\/wp\/v2\/posts\/3276\/revisions\/3281"}],"wp:attachment":[{"href":"https:\/\/agora.xtec.cat\/sesmcarrascoformiguera-sfc\/wp-json\/wp\/v2\/media?parent=3276"}],"wp:term":[{"taxonomy":"category","embeddable":true,"href":"https:\/\/agora.xtec.cat\/sesmcarrascoformiguera-sfc\/wp-json\/wp\/v2\/categories?post=3276"},{"taxonomy":"post_tag","embeddable":true,"href":"https:\/\/agora.xtec.cat\/sesmcarrascoformiguera-sfc\/wp-json\/wp\/v2\/tags?post=3276"}],"curies":[{"name":"wp","href":"https:\/\/api.w.org\/{rel}","templated":true}]}}