{"id":3212,"date":"2020-01-10T10:45:23","date_gmt":"2020-01-10T09:45:23","guid":{"rendered":"http:\/\/agora.xtec.cat\/sesmcarrascoformiguera-sfc\/?p=3212"},"modified":"2020-01-10T10:51:24","modified_gmt":"2020-01-10T09:51:24","slug":"danses-escoceses","status":"publish","type":"post","link":"https:\/\/agora.xtec.cat\/sesmcarrascoformiguera-sfc\/general\/danses-escoceses\/","title":{"rendered":"Danses escoceses"},"content":{"rendered":"<p>Els alumnes de 4t del centre han participat en un taller de danses escoseses (Ceilidh) com a punt inicial del projecte de preparaci\u00f3 de l&#8217;English Day d&#8217;enguany que tindr\u00e0 lloc el proper 23 d&#8217;abril. El taller ha anat a c\u00e0rrec de Donnie Nicolson (<a href=\"https:\/\/www.schools-ceilidh.com\/\" target=\"_blank\" rel=\"noopener noreferrer\" data-saferedirecturl=\"https:\/\/www.google.com\/url?q=https:\/\/www.schools-ceilidh.com\/&amp;source=gmail&amp;ust=1578735550969000&amp;usg=AFQjCNFZppjUY0gLnFyQ7icdwlzEMJlGFg\">https:\/\/www.schools-ceilidh.<wbr \/>com\/<\/a>).<\/p>\n<p>Podeu trobar m\u00e9s fotografies a la galeria fotogr\u00e0fica.<\/p>\n<p>&nbsp;<\/p>\n","protected":false},"excerpt":{"rendered":"<p>Els alumnes de 4t del centre han participat en un taller de danses escoseses (Ceilidh) com a punt inicial del projecte de preparaci\u00f3 de l&#8217;English Day d&#8217;enguany que tindr\u00e0 lloc el proper 23 d&#8217;abril. El taller ha anat a c\u00e0rrec de Donnie Nicolson (<a href=\"https:\/\/www.schools-ceilidh.com\/\"&hellip;  <a href=\"https:\/\/agora.xtec.cat\/sesmcarrascoformiguera-sfc\/general\/danses-escoceses\/\" title=\"Read Danses escoceses\">Llegeix m\u00e9s\u00bb<\/a><\/p>\n","protected":false},"author":1,"featured_media":3213,"comment_status":"open","ping_status":"closed","sticky":false,"template":"","format":"standard","meta":{"_bbp_topic_count":0,"_bbp_reply_count":0,"_bbp_total_topic_count":0,"_bbp_total_reply_count":0,"_bbp_voice_count":0,"_bbp_anonymous_reply_count":0,"_bbp_topic_count_hidden":0,"_bbp_reply_count_hidden":0,"_bbp_forum_subforum_count":0,"footnotes":""},"categories":[3,1,29],"tags":[],"class_list":["post-3212","post","type-post","status-publish","format-standard","has-post-thumbnail","hentry","category-eso","category-general","category-portada"],"post_mailing_queue_ids":[],"_links":{"self":[{"href":"https:\/\/agora.xtec.cat\/sesmcarrascoformiguera-sfc\/wp-json\/wp\/v2\/posts\/3212","targetHints":{"allow":["GET"]}}],"collection":[{"href":"https:\/\/agora.xtec.cat\/sesmcarrascoformiguera-sfc\/wp-json\/wp\/v2\/posts"}],"about":[{"href":"https:\/\/agora.xtec.cat\/sesmcarrascoformiguera-sfc\/wp-json\/wp\/v2\/types\/post"}],"author":[{"embeddable":true,"href":"https:\/\/agora.xtec.cat\/sesmcarrascoformiguera-sfc\/wp-json\/wp\/v2\/users\/1"}],"replies":[{"embeddable":true,"href":"https:\/\/agora.xtec.cat\/sesmcarrascoformiguera-sfc\/wp-json\/wp\/v2\/comments?post=3212"}],"version-history":[{"count":2,"href":"https:\/\/agora.xtec.cat\/sesmcarrascoformiguera-sfc\/wp-json\/wp\/v2\/posts\/3212\/revisions"}],"predecessor-version":[{"id":3215,"href":"https:\/\/agora.xtec.cat\/sesmcarrascoformiguera-sfc\/wp-json\/wp\/v2\/posts\/3212\/revisions\/3215"}],"wp:featuredmedia":[{"embeddable":true,"href":"https:\/\/agora.xtec.cat\/sesmcarrascoformiguera-sfc\/wp-json\/wp\/v2\/media\/3213"}],"wp:attachment":[{"href":"https:\/\/agora.xtec.cat\/sesmcarrascoformiguera-sfc\/wp-json\/wp\/v2\/media?parent=3212"}],"wp:term":[{"taxonomy":"category","embeddable":true,"href":"https:\/\/agora.xtec.cat\/sesmcarrascoformiguera-sfc\/wp-json\/wp\/v2\/categories?post=3212"},{"taxonomy":"post_tag","embeddable":true,"href":"https:\/\/agora.xtec.cat\/sesmcarrascoformiguera-sfc\/wp-json\/wp\/v2\/tags?post=3212"}],"curies":[{"name":"wp","href":"https:\/\/api.w.org\/{rel}","templated":true}]}}