{"id":3179,"date":"2019-11-29T11:52:11","date_gmt":"2019-11-29T10:52:11","guid":{"rendered":"http:\/\/agora.xtec.cat\/sesmcarrascoformiguera-sfc\/?p=3179"},"modified":"2019-11-29T11:52:11","modified_gmt":"2019-11-29T10:52:11","slug":"trobada-de-mediadors","status":"publish","type":"post","link":"https:\/\/agora.xtec.cat\/sesmcarrascoformiguera-sfc\/general\/trobada-de-mediadors\/","title":{"rendered":"Trobada de mediadors"},"content":{"rendered":"<div><i>Dilluns 18 de Novembre, vam poder disfrutar d&#8217;una jornada singular: els alumnes mediadors de l&#8217;Institut Ramon Casas, de Palau Solit\u00e0 i Plegamans, van convidar els nostres alumnes mediadors.\u00a0 La trobada va ser a l&#8217;Escorxador( Espai Jove ). Una trobada molt enriquidora on els alumnes van poder intercanviar experi\u00e8ncies i gaudir de les activitats preparades: presentaci\u00f3 i benvinguda, din\u00e0miques de concentraci\u00f3, confian\u00e7a, escolta, seguit d&#8217;un treball en equip contestant a les preguntes: Quina nota posaries a la conviv\u00e8ncia del teu centre?Quins tipus de conflictes hi ha al teu institut? A quins cursos? Quin \u00e9s el protocol a seguir en cas de conflicte al teu institut? Hi ha servei de Mediaci\u00f3? com funciona?<\/i><\/div>\n<div><i>La resposta a aquestes preguntes va donar lloc a un\u00a0 intercanvi d&#8217;experi\u00e8ncies que en la posada en com\u00fa va ser molt enriquidor per a tots dos centres.\u00a0<\/i><\/div>\n<div><i>La valoraci\u00f3 tant per part de les professores responsables ( Gl\u00f2ria Calvo i Loli Serrano ) , com\u00a0 dels\/les alumnes mediadors\/es va ser molt positiva. Ja pensem en la propera trobada\u00a0 !! <\/i><\/div>\n<div><i>Per veure m\u00e9s fotografies, aneu a la Galeria fotogr\u00e0fica<\/i><\/div>\n","protected":false},"excerpt":{"rendered":"<p>Dilluns 18 de Novembre, vam poder disfrutar d&#8217;una jornada singular: els alumnes mediadors de l&#8217;Institut Ramon Casas, de Palau Solit\u00e0 i Plegamans, van convidar els nostres alumnes mediadors.\u00a0 La trobada va ser a l&#8217;Escorxador( Espai Jove ). Una trobada molt enriquidora on els alumnes van&hellip;  <a href=\"https:\/\/agora.xtec.cat\/sesmcarrascoformiguera-sfc\/general\/trobada-de-mediadors\/\" title=\"Read Trobada de mediadors\">Llegeix m\u00e9s\u00bb<\/a><\/p>\n","protected":false},"author":1,"featured_media":3170,"comment_status":"open","ping_status":"closed","sticky":false,"template":"","format":"standard","meta":{"_bbp_topic_count":0,"_bbp_reply_count":0,"_bbp_total_topic_count":0,"_bbp_total_reply_count":0,"_bbp_voice_count":0,"_bbp_anonymous_reply_count":0,"_bbp_topic_count_hidden":0,"_bbp_reply_count_hidden":0,"_bbp_forum_subforum_count":0,"footnotes":""},"categories":[3,6,7,1,29],"tags":[],"class_list":["post-3179","post","type-post","status-publish","format-standard","has-post-thumbnail","hentry","category-eso","category-eso-3","category-eso-4","category-general","category-portada"],"post_mailing_queue_ids":[],"_links":{"self":[{"href":"https:\/\/agora.xtec.cat\/sesmcarrascoformiguera-sfc\/wp-json\/wp\/v2\/posts\/3179","targetHints":{"allow":["GET"]}}],"collection":[{"href":"https:\/\/agora.xtec.cat\/sesmcarrascoformiguera-sfc\/wp-json\/wp\/v2\/posts"}],"about":[{"href":"https:\/\/agora.xtec.cat\/sesmcarrascoformiguera-sfc\/wp-json\/wp\/v2\/types\/post"}],"author":[{"embeddable":true,"href":"https:\/\/agora.xtec.cat\/sesmcarrascoformiguera-sfc\/wp-json\/wp\/v2\/users\/1"}],"replies":[{"embeddable":true,"href":"https:\/\/agora.xtec.cat\/sesmcarrascoformiguera-sfc\/wp-json\/wp\/v2\/comments?post=3179"}],"version-history":[{"count":1,"href":"https:\/\/agora.xtec.cat\/sesmcarrascoformiguera-sfc\/wp-json\/wp\/v2\/posts\/3179\/revisions"}],"predecessor-version":[{"id":3180,"href":"https:\/\/agora.xtec.cat\/sesmcarrascoformiguera-sfc\/wp-json\/wp\/v2\/posts\/3179\/revisions\/3180"}],"wp:featuredmedia":[{"embeddable":true,"href":"https:\/\/agora.xtec.cat\/sesmcarrascoformiguera-sfc\/wp-json\/wp\/v2\/media\/3170"}],"wp:attachment":[{"href":"https:\/\/agora.xtec.cat\/sesmcarrascoformiguera-sfc\/wp-json\/wp\/v2\/media?parent=3179"}],"wp:term":[{"taxonomy":"category","embeddable":true,"href":"https:\/\/agora.xtec.cat\/sesmcarrascoformiguera-sfc\/wp-json\/wp\/v2\/categories?post=3179"},{"taxonomy":"post_tag","embeddable":true,"href":"https:\/\/agora.xtec.cat\/sesmcarrascoformiguera-sfc\/wp-json\/wp\/v2\/tags?post=3179"}],"curies":[{"name":"wp","href":"https:\/\/api.w.org\/{rel}","templated":true}]}}