{"id":2911,"date":"2019-05-15T19:18:43","date_gmt":"2019-05-15T17:18:43","guid":{"rendered":"http:\/\/agora.xtec.cat\/sesmcarrascoformiguera-sfc\/?p=2911"},"modified":"2019-05-22T13:05:59","modified_gmt":"2019-05-22T11:05:59","slug":"visita-a-la-biblioteca","status":"publish","type":"post","link":"https:\/\/agora.xtec.cat\/sesmcarrascoformiguera-sfc\/eso\/eso-1\/visita-a-la-biblioteca\/","title":{"rendered":"Visita a la Biblioteca"},"content":{"rendered":"<p style=\"text-align: justify;\">Avui els alumnes de 1r d&#8217;ESO de l&#8217;institut Manuel Carrasco i Formiguera han visitat la BIblioteca Joan Petit i Aguilar del nostre poble. L&#8217;objectiu \u00e9s que s\u00e0piguen quins serveis ofereix i que coneguin el funcionament del cat\u00e0leg de les biblioteques que formen part de la xarxa de biblioteques de la Diputaci\u00f3 de Barcelona.<br \/>\nA m\u00e9s, s&#8217;han pogut fer el carnet -si no el tenien- i alguns ja l&#8217;han estrenat per demanar en pr\u00e9stec llibres de lectura per al lleure.<\/p>\n<p><a href=\"https:\/\/agora.xtec.cat\/sesmcarrascoformiguera-sfc\/wp-content\/uploads\/usu981\/2019\/05\/IMG_20190514_124207.jpg\"><img loading=\"lazy\" decoding=\"async\" class=\"wp-image-2918 aligncenter\" src=\"https:\/\/agora.xtec.cat\/sesmcarrascoformiguera-sfc\/wp-content\/uploads\/usu981\/2019\/05\/IMG_20190514_124207-1024x512.jpg\" alt=\"\" width=\"531\" height=\"266\" srcset=\"https:\/\/agora.xtec.cat\/sesmcarrascoformiguera-sfc\/wp-content\/uploads\/usu981\/2019\/05\/IMG_20190514_124207-1024x512.jpg 1024w, https:\/\/agora.xtec.cat\/sesmcarrascoformiguera-sfc\/wp-content\/uploads\/usu981\/2019\/05\/IMG_20190514_124207-300x150.jpg 300w, https:\/\/agora.xtec.cat\/sesmcarrascoformiguera-sfc\/wp-content\/uploads\/usu981\/2019\/05\/IMG_20190514_124207-768x384.jpg 768w\" sizes=\"auto, (max-width: 531px) 100vw, 531px\" \/><\/a><\/p>\n<p><a href=\"https:\/\/agora.xtec.cat\/sesmcarrascoformiguera-sfc\/wp-content\/uploads\/usu981\/2019\/05\/IMG_20190514_111612.jpg\"><img loading=\"lazy\" decoding=\"async\" class=\"wp-image-2916 aligncenter\" src=\"https:\/\/agora.xtec.cat\/sesmcarrascoformiguera-sfc\/wp-content\/uploads\/usu981\/2019\/05\/IMG_20190514_111612-1024x512.jpg\" alt=\"\" width=\"531\" height=\"266\" srcset=\"https:\/\/agora.xtec.cat\/sesmcarrascoformiguera-sfc\/wp-content\/uploads\/usu981\/2019\/05\/IMG_20190514_111612-1024x512.jpg 1024w, https:\/\/agora.xtec.cat\/sesmcarrascoformiguera-sfc\/wp-content\/uploads\/usu981\/2019\/05\/IMG_20190514_111612-300x150.jpg 300w, https:\/\/agora.xtec.cat\/sesmcarrascoformiguera-sfc\/wp-content\/uploads\/usu981\/2019\/05\/IMG_20190514_111612-768x384.jpg 768w\" sizes=\"auto, (max-width: 531px) 100vw, 531px\" \/><\/a><\/p>\n","protected":false},"excerpt":{"rendered":"<p>Avui els alumnes de 1r d&#8217;ESO de l&#8217;institut Manuel Carrasco i Formiguera han visitat la BIblioteca Joan Petit i Aguilar del nostre poble. L&#8217;objectiu \u00e9s que s\u00e0piguen quins serveis ofereix i que coneguin el funcionament del cat\u00e0leg de les biblioteques que formen part de la&hellip;  <a href=\"https:\/\/agora.xtec.cat\/sesmcarrascoformiguera-sfc\/eso\/eso-1\/visita-a-la-biblioteca\/\" title=\"Read Visita a la Biblioteca\">Llegeix m\u00e9s\u00bb<\/a><\/p>\n","protected":false},"author":1,"featured_media":2917,"comment_status":"open","ping_status":"closed","sticky":false,"template":"","format":"standard","meta":{"_bbp_topic_count":0,"_bbp_reply_count":0,"_bbp_total_topic_count":0,"_bbp_total_reply_count":0,"_bbp_voice_count":0,"_bbp_anonymous_reply_count":0,"_bbp_topic_count_hidden":0,"_bbp_reply_count_hidden":0,"_bbp_forum_subforum_count":0,"footnotes":""},"categories":[4,29],"tags":[],"class_list":["post-2911","post","type-post","status-publish","format-standard","has-post-thumbnail","hentry","category-eso-1","category-portada"],"post_mailing_queue_ids":[],"_links":{"self":[{"href":"https:\/\/agora.xtec.cat\/sesmcarrascoformiguera-sfc\/wp-json\/wp\/v2\/posts\/2911","targetHints":{"allow":["GET"]}}],"collection":[{"href":"https:\/\/agora.xtec.cat\/sesmcarrascoformiguera-sfc\/wp-json\/wp\/v2\/posts"}],"about":[{"href":"https:\/\/agora.xtec.cat\/sesmcarrascoformiguera-sfc\/wp-json\/wp\/v2\/types\/post"}],"author":[{"embeddable":true,"href":"https:\/\/agora.xtec.cat\/sesmcarrascoformiguera-sfc\/wp-json\/wp\/v2\/users\/1"}],"replies":[{"embeddable":true,"href":"https:\/\/agora.xtec.cat\/sesmcarrascoformiguera-sfc\/wp-json\/wp\/v2\/comments?post=2911"}],"version-history":[{"count":4,"href":"https:\/\/agora.xtec.cat\/sesmcarrascoformiguera-sfc\/wp-json\/wp\/v2\/posts\/2911\/revisions"}],"predecessor-version":[{"id":2921,"href":"https:\/\/agora.xtec.cat\/sesmcarrascoformiguera-sfc\/wp-json\/wp\/v2\/posts\/2911\/revisions\/2921"}],"wp:featuredmedia":[{"embeddable":true,"href":"https:\/\/agora.xtec.cat\/sesmcarrascoformiguera-sfc\/wp-json\/wp\/v2\/media\/2917"}],"wp:attachment":[{"href":"https:\/\/agora.xtec.cat\/sesmcarrascoformiguera-sfc\/wp-json\/wp\/v2\/media?parent=2911"}],"wp:term":[{"taxonomy":"category","embeddable":true,"href":"https:\/\/agora.xtec.cat\/sesmcarrascoformiguera-sfc\/wp-json\/wp\/v2\/categories?post=2911"},{"taxonomy":"post_tag","embeddable":true,"href":"https:\/\/agora.xtec.cat\/sesmcarrascoformiguera-sfc\/wp-json\/wp\/v2\/tags?post=2911"}],"curies":[{"name":"wp","href":"https:\/\/api.w.org\/{rel}","templated":true}]}}