{"id":2901,"date":"2019-05-14T09:01:55","date_gmt":"2019-05-14T07:01:55","guid":{"rendered":"http:\/\/agora.xtec.cat\/sesmcarrascoformiguera-sfc\/?p=2901"},"modified":"2019-05-14T09:01:55","modified_gmt":"2019-05-14T07:01:55","slug":"cantada-codinenca","status":"publish","type":"post","link":"https:\/\/agora.xtec.cat\/sesmcarrascoformiguera-sfc\/eso\/eso-1\/cantada-codinenca\/","title":{"rendered":"Cantada Codinenca"},"content":{"rendered":"<p style=\"text-align: justify;\">Aquest divendres dia 10 de maig les nostres alumnes de 1r i 3r van participar a la Cantada Codinenca a la pla\u00e7a.<\/p>\n<p style=\"text-align: justify;\">Aquesta activitat s&#8217;ha organitzat conjuntament amb l&#8217;ajuntament, l&#8217;associaci\u00f3 de m\u00fasica i Arts de Sant Feliu de Codines, l&#8217;escola Jaume Balmes i l&#8217;escola FEDAC, en el marc del Pla Educatiu d&#8217;Entorn.<\/p>\n<p style=\"text-align: justify;\">Els alumnes de 1r i 3r d&#8217;ESO van cantar dues can\u00e7ons \u00ab Bon dia \u00bb dels Pets i \u00ab Boig per tu \u00bb de Sau versi\u00f3 Shakira, per aquest acte.<\/p>\n<p style=\"text-align: justify;\">Moltes gr\u00e0cies a tots els participants i especialment al professor de m\u00fasica Sergi Romero per la seva col.laboraci\u00f3!!!<\/p>\n<p><a href=\"https:\/\/agora.xtec.cat\/sesmcarrascoformiguera-sfc\/wp-content\/uploads\/usu981\/2019\/05\/cant.jpg\"><img loading=\"lazy\" decoding=\"async\" class=\"wp-image-2902 aligncenter\" src=\"https:\/\/agora.xtec.cat\/sesmcarrascoformiguera-sfc\/wp-content\/uploads\/usu981\/2019\/05\/cant-1024x768.jpg\" alt=\"\" width=\"571\" height=\"428\" srcset=\"https:\/\/agora.xtec.cat\/sesmcarrascoformiguera-sfc\/wp-content\/uploads\/usu981\/2019\/05\/cant-1024x768.jpg 1024w, https:\/\/agora.xtec.cat\/sesmcarrascoformiguera-sfc\/wp-content\/uploads\/usu981\/2019\/05\/cant-300x225.jpg 300w, https:\/\/agora.xtec.cat\/sesmcarrascoformiguera-sfc\/wp-content\/uploads\/usu981\/2019\/05\/cant-768x576.jpg 768w, https:\/\/agora.xtec.cat\/sesmcarrascoformiguera-sfc\/wp-content\/uploads\/usu981\/2019\/05\/cant-200x150.jpg 200w\" sizes=\"auto, (max-width: 571px) 100vw, 571px\" \/><\/a><\/p>\n","protected":false},"excerpt":{"rendered":"<p>Aquest divendres dia 10 de maig les nostres alumnes de 1r i 3r van participar a la Cantada Codinenca a la pla\u00e7a.<br \/>\nAquesta activitat s&#8217;ha organitzat conjuntament amb l&#8217;ajuntament, l&#8217;associaci\u00f3 de m\u00fasica i Arts de Sant Feliu de Codines, l&#8217;escola Jaume Balmes i l&#8217;escola FEDAC, en&hellip;  <a href=\"https:\/\/agora.xtec.cat\/sesmcarrascoformiguera-sfc\/eso\/eso-1\/cantada-codinenca\/\" title=\"Read Cantada Codinenca\">Llegeix m\u00e9s\u00bb<\/a><\/p>\n","protected":false},"author":1,"featured_media":2902,"comment_status":"open","ping_status":"closed","sticky":false,"template":"","format":"standard","meta":{"_bbp_topic_count":0,"_bbp_reply_count":0,"_bbp_total_topic_count":0,"_bbp_total_reply_count":0,"_bbp_voice_count":0,"_bbp_anonymous_reply_count":0,"_bbp_topic_count_hidden":0,"_bbp_reply_count_hidden":0,"_bbp_forum_subforum_count":0,"footnotes":""},"categories":[4,6,29],"tags":[],"class_list":["post-2901","post","type-post","status-publish","format-standard","has-post-thumbnail","hentry","category-eso-1","category-eso-3","category-portada"],"post_mailing_queue_ids":[],"_links":{"self":[{"href":"https:\/\/agora.xtec.cat\/sesmcarrascoformiguera-sfc\/wp-json\/wp\/v2\/posts\/2901","targetHints":{"allow":["GET"]}}],"collection":[{"href":"https:\/\/agora.xtec.cat\/sesmcarrascoformiguera-sfc\/wp-json\/wp\/v2\/posts"}],"about":[{"href":"https:\/\/agora.xtec.cat\/sesmcarrascoformiguera-sfc\/wp-json\/wp\/v2\/types\/post"}],"author":[{"embeddable":true,"href":"https:\/\/agora.xtec.cat\/sesmcarrascoformiguera-sfc\/wp-json\/wp\/v2\/users\/1"}],"replies":[{"embeddable":true,"href":"https:\/\/agora.xtec.cat\/sesmcarrascoformiguera-sfc\/wp-json\/wp\/v2\/comments?post=2901"}],"version-history":[{"count":1,"href":"https:\/\/agora.xtec.cat\/sesmcarrascoformiguera-sfc\/wp-json\/wp\/v2\/posts\/2901\/revisions"}],"predecessor-version":[{"id":2903,"href":"https:\/\/agora.xtec.cat\/sesmcarrascoformiguera-sfc\/wp-json\/wp\/v2\/posts\/2901\/revisions\/2903"}],"wp:featuredmedia":[{"embeddable":true,"href":"https:\/\/agora.xtec.cat\/sesmcarrascoformiguera-sfc\/wp-json\/wp\/v2\/media\/2902"}],"wp:attachment":[{"href":"https:\/\/agora.xtec.cat\/sesmcarrascoformiguera-sfc\/wp-json\/wp\/v2\/media?parent=2901"}],"wp:term":[{"taxonomy":"category","embeddable":true,"href":"https:\/\/agora.xtec.cat\/sesmcarrascoformiguera-sfc\/wp-json\/wp\/v2\/categories?post=2901"},{"taxonomy":"post_tag","embeddable":true,"href":"https:\/\/agora.xtec.cat\/sesmcarrascoformiguera-sfc\/wp-json\/wp\/v2\/tags?post=2901"}],"curies":[{"name":"wp","href":"https:\/\/api.w.org\/{rel}","templated":true}]}}