{"id":2892,"date":"2019-05-02T10:36:58","date_gmt":"2019-05-02T08:36:58","guid":{"rendered":"http:\/\/agora.xtec.cat\/sesmcarrascoformiguera-sfc\/?p=2892"},"modified":"2019-05-07T16:46:15","modified_gmt":"2019-05-07T14:46:15","slug":"guanyadora-42a-edicicio-del-premi-coca-cola","status":"publish","type":"post","link":"https:\/\/agora.xtec.cat\/sesmcarrascoformiguera-sfc\/eso\/eso-2\/guanyadora-42a-edicicio-del-premi-coca-cola\/","title":{"rendered":"Guanyadora 42a Edicici\u00f3 del Premi Coca-Cola"},"content":{"rendered":"<p style=\"text-align: justify;\"><strong>La nostra alumna J\u00falia Pascua, guanyadora de la 42a Edici\u00f3 del Premi Coca-Cola de Relat Breu de Catalunya.<\/strong><\/p>\n<p style=\"text-align: justify;\">L\u2019objectiu del concurs \u00e9s promoure el desenvolupament de l\u2019expressi\u00f3 escrita i la lectura entre els alumnes de 2n curs d\u2019ESO i ajudar els participants a intentar complir el somni de convertir-se en escriptors, a trav\u00e9s d\u2019aquest concurs literari que s\u2019ha consolidat com un dels m\u00e9s importants del pa\u00eds.<\/p>\n<p style=\"text-align: justify;\">El lliurament de premis ser\u00e0 el dissabte dia 25 de maig a Port Aventura, all\u00e0 es donar\u00e0 a con\u00e8ixer la classificaci\u00f3 final. Per molts anys, J\u00falia!<\/p>\n<p><a href=\"https:\/\/agora.xtec.cat\/sesmcarrascoformiguera-sfc\/wp-content\/uploads\/usu981\/2019\/05\/Concurs-cocacola.jpg\"><img loading=\"lazy\" decoding=\"async\" class=\"wp-image-2893 aligncenter\" src=\"https:\/\/agora.xtec.cat\/sesmcarrascoformiguera-sfc\/wp-content\/uploads\/usu981\/2019\/05\/Concurs-cocacola.jpg\" alt=\"\" width=\"502\" height=\"376\" srcset=\"https:\/\/agora.xtec.cat\/sesmcarrascoformiguera-sfc\/wp-content\/uploads\/usu981\/2019\/05\/Concurs-cocacola.jpg 960w, https:\/\/agora.xtec.cat\/sesmcarrascoformiguera-sfc\/wp-content\/uploads\/usu981\/2019\/05\/Concurs-cocacola-300x225.jpg 300w, https:\/\/agora.xtec.cat\/sesmcarrascoformiguera-sfc\/wp-content\/uploads\/usu981\/2019\/05\/Concurs-cocacola-768x576.jpg 768w, https:\/\/agora.xtec.cat\/sesmcarrascoformiguera-sfc\/wp-content\/uploads\/usu981\/2019\/05\/Concurs-cocacola-200x150.jpg 200w\" sizes=\"auto, (max-width: 502px) 100vw, 502px\" \/><\/a><\/p>\n","protected":false},"excerpt":{"rendered":"<p>La nostra alumna J\u00falia Pascua, guanyadora de la 42a Edici\u00f3 del Premi Coca-Cola de Relat Breu de Catalunya.<br \/>\nL\u2019objectiu del concurs \u00e9s promoure el desenvolupament de l\u2019expressi\u00f3 escrita i la lectura entre els alumnes de 2n curs d\u2019ESO i ajudar els participants a intentar complir el&hellip;  <a href=\"https:\/\/agora.xtec.cat\/sesmcarrascoformiguera-sfc\/eso\/eso-2\/guanyadora-42a-edicicio-del-premi-coca-cola\/\" title=\"Read Guanyadora 42a Edicici\u00f3 del Premi Coca-Cola\">Llegeix m\u00e9s\u00bb<\/a><\/p>\n","protected":false},"author":1,"featured_media":2899,"comment_status":"open","ping_status":"closed","sticky":false,"template":"","format":"standard","meta":{"_bbp_topic_count":0,"_bbp_reply_count":0,"_bbp_total_topic_count":0,"_bbp_total_reply_count":0,"_bbp_voice_count":0,"_bbp_anonymous_reply_count":0,"_bbp_topic_count_hidden":0,"_bbp_reply_count_hidden":0,"_bbp_forum_subforum_count":0,"footnotes":""},"categories":[5,29],"tags":[],"class_list":["post-2892","post","type-post","status-publish","format-standard","has-post-thumbnail","hentry","category-eso-2","category-portada"],"post_mailing_queue_ids":[],"_links":{"self":[{"href":"https:\/\/agora.xtec.cat\/sesmcarrascoformiguera-sfc\/wp-json\/wp\/v2\/posts\/2892","targetHints":{"allow":["GET"]}}],"collection":[{"href":"https:\/\/agora.xtec.cat\/sesmcarrascoformiguera-sfc\/wp-json\/wp\/v2\/posts"}],"about":[{"href":"https:\/\/agora.xtec.cat\/sesmcarrascoformiguera-sfc\/wp-json\/wp\/v2\/types\/post"}],"author":[{"embeddable":true,"href":"https:\/\/agora.xtec.cat\/sesmcarrascoformiguera-sfc\/wp-json\/wp\/v2\/users\/1"}],"replies":[{"embeddable":true,"href":"https:\/\/agora.xtec.cat\/sesmcarrascoformiguera-sfc\/wp-json\/wp\/v2\/comments?post=2892"}],"version-history":[{"count":2,"href":"https:\/\/agora.xtec.cat\/sesmcarrascoformiguera-sfc\/wp-json\/wp\/v2\/posts\/2892\/revisions"}],"predecessor-version":[{"id":2898,"href":"https:\/\/agora.xtec.cat\/sesmcarrascoformiguera-sfc\/wp-json\/wp\/v2\/posts\/2892\/revisions\/2898"}],"wp:featuredmedia":[{"embeddable":true,"href":"https:\/\/agora.xtec.cat\/sesmcarrascoformiguera-sfc\/wp-json\/wp\/v2\/media\/2899"}],"wp:attachment":[{"href":"https:\/\/agora.xtec.cat\/sesmcarrascoformiguera-sfc\/wp-json\/wp\/v2\/media?parent=2892"}],"wp:term":[{"taxonomy":"category","embeddable":true,"href":"https:\/\/agora.xtec.cat\/sesmcarrascoformiguera-sfc\/wp-json\/wp\/v2\/categories?post=2892"},{"taxonomy":"post_tag","embeddable":true,"href":"https:\/\/agora.xtec.cat\/sesmcarrascoformiguera-sfc\/wp-json\/wp\/v2\/tags?post=2892"}],"curies":[{"name":"wp","href":"https:\/\/api.w.org\/{rel}","templated":true}]}}