{"id":2871,"date":"2019-04-23T10:58:48","date_gmt":"2019-04-23T08:58:48","guid":{"rendered":"http:\/\/agora.xtec.cat\/sesmcarrascoformiguera-sfc\/?p=2871"},"modified":"2019-04-28T16:55:46","modified_gmt":"2019-04-28T14:55:46","slug":"serinya","status":"publish","type":"post","link":"https:\/\/agora.xtec.cat\/sesmcarrascoformiguera-sfc\/eso\/eso-1\/serinya\/","title":{"rendered":"Seriny\u00e0"},"content":{"rendered":"<p style=\"text-align: justify;\">L\u2019\u00faltima setmana abans de festes els alumnes de primer vam fer el treball de s\u00edntesi que versava sobre el Neol\u00edtic. Vam anar a la casa de col\u00f2nies <em>Els Refugis<\/em> a Seriny\u00e0 (Pla de l\u2019Estany). El temps ens va ser molt i molt variable, per\u00f2 vam aconseguir realitzar totes les activitats que ten\u00edem planificades. Aqu\u00ed teniu alguna de les <a href=\"https:\/\/photos.app.goo.gl\/1oPuVx5MvbLF5ye48\">fotos<\/a> del que vam fer.<\/p>\n<p><a href=\"https:\/\/agora.xtec.cat\/sesmcarrascoformiguera-sfc\/wp-content\/uploads\/usu981\/2019\/04\/DSCN5791.jpg\"><img loading=\"lazy\" decoding=\"async\" class=\"wp-image-2873 aligncenter\" src=\"https:\/\/agora.xtec.cat\/sesmcarrascoformiguera-sfc\/wp-content\/uploads\/usu981\/2019\/04\/DSCN5791-1024x768.jpg\" alt=\"\" width=\"538\" height=\"403\" srcset=\"https:\/\/agora.xtec.cat\/sesmcarrascoformiguera-sfc\/wp-content\/uploads\/usu981\/2019\/04\/DSCN5791.jpg 1024w, https:\/\/agora.xtec.cat\/sesmcarrascoformiguera-sfc\/wp-content\/uploads\/usu981\/2019\/04\/DSCN5791-300x225.jpg 300w, https:\/\/agora.xtec.cat\/sesmcarrascoformiguera-sfc\/wp-content\/uploads\/usu981\/2019\/04\/DSCN5791-768x576.jpg 768w, https:\/\/agora.xtec.cat\/sesmcarrascoformiguera-sfc\/wp-content\/uploads\/usu981\/2019\/04\/DSCN5791-200x150.jpg 200w\" sizes=\"auto, (max-width: 538px) 100vw, 538px\" \/><\/a><\/p>\n<p><a href=\"https:\/\/agora.xtec.cat\/sesmcarrascoformiguera-sfc\/wp-content\/uploads\/usu981\/2019\/04\/IMG_20190410_113122.jpg\"><img loading=\"lazy\" decoding=\"async\" class=\"wp-image-2874 aligncenter\" src=\"https:\/\/agora.xtec.cat\/sesmcarrascoformiguera-sfc\/wp-content\/uploads\/usu981\/2019\/04\/IMG_20190410_113122-1024x512.jpg\" alt=\"\" width=\"541\" height=\"271\" srcset=\"https:\/\/agora.xtec.cat\/sesmcarrascoformiguera-sfc\/wp-content\/uploads\/usu981\/2019\/04\/IMG_20190410_113122.jpg 1024w, https:\/\/agora.xtec.cat\/sesmcarrascoformiguera-sfc\/wp-content\/uploads\/usu981\/2019\/04\/IMG_20190410_113122-300x150.jpg 300w, https:\/\/agora.xtec.cat\/sesmcarrascoformiguera-sfc\/wp-content\/uploads\/usu981\/2019\/04\/IMG_20190410_113122-768x384.jpg 768w\" sizes=\"auto, (max-width: 541px) 100vw, 541px\" \/><\/a><\/p>\n","protected":false},"excerpt":{"rendered":"<p>L\u2019\u00faltima setmana abans de festes els alumnes de primer vam fer el treball de s\u00edntesi que versava sobre el Neol\u00edtic. Vam anar a la casa de col\u00f2nies Els Refugis a Seriny\u00e0 (Pla de l\u2019Estany). El temps ens va ser molt i molt variable, per\u00f2 vam&hellip;  <a href=\"https:\/\/agora.xtec.cat\/sesmcarrascoformiguera-sfc\/eso\/eso-1\/serinya\/\" title=\"Read Seriny\u00e0\">Llegeix m\u00e9s\u00bb<\/a><\/p>\n","protected":false},"author":1,"featured_media":2872,"comment_status":"open","ping_status":"closed","sticky":false,"template":"","format":"standard","meta":{"_bbp_topic_count":0,"_bbp_reply_count":0,"_bbp_total_topic_count":0,"_bbp_total_reply_count":0,"_bbp_voice_count":0,"_bbp_anonymous_reply_count":0,"_bbp_topic_count_hidden":0,"_bbp_reply_count_hidden":0,"_bbp_forum_subforum_count":0,"footnotes":""},"categories":[4,29],"tags":[],"class_list":["post-2871","post","type-post","status-publish","format-standard","has-post-thumbnail","hentry","category-eso-1","category-portada"],"post_mailing_queue_ids":[],"_links":{"self":[{"href":"https:\/\/agora.xtec.cat\/sesmcarrascoformiguera-sfc\/wp-json\/wp\/v2\/posts\/2871","targetHints":{"allow":["GET"]}}],"collection":[{"href":"https:\/\/agora.xtec.cat\/sesmcarrascoformiguera-sfc\/wp-json\/wp\/v2\/posts"}],"about":[{"href":"https:\/\/agora.xtec.cat\/sesmcarrascoformiguera-sfc\/wp-json\/wp\/v2\/types\/post"}],"author":[{"embeddable":true,"href":"https:\/\/agora.xtec.cat\/sesmcarrascoformiguera-sfc\/wp-json\/wp\/v2\/users\/1"}],"replies":[{"embeddable":true,"href":"https:\/\/agora.xtec.cat\/sesmcarrascoformiguera-sfc\/wp-json\/wp\/v2\/comments?post=2871"}],"version-history":[{"count":3,"href":"https:\/\/agora.xtec.cat\/sesmcarrascoformiguera-sfc\/wp-json\/wp\/v2\/posts\/2871\/revisions"}],"predecessor-version":[{"id":2883,"href":"https:\/\/agora.xtec.cat\/sesmcarrascoformiguera-sfc\/wp-json\/wp\/v2\/posts\/2871\/revisions\/2883"}],"wp:featuredmedia":[{"embeddable":true,"href":"https:\/\/agora.xtec.cat\/sesmcarrascoformiguera-sfc\/wp-json\/wp\/v2\/media\/2872"}],"wp:attachment":[{"href":"https:\/\/agora.xtec.cat\/sesmcarrascoformiguera-sfc\/wp-json\/wp\/v2\/media?parent=2871"}],"wp:term":[{"taxonomy":"category","embeddable":true,"href":"https:\/\/agora.xtec.cat\/sesmcarrascoformiguera-sfc\/wp-json\/wp\/v2\/categories?post=2871"},{"taxonomy":"post_tag","embeddable":true,"href":"https:\/\/agora.xtec.cat\/sesmcarrascoformiguera-sfc\/wp-json\/wp\/v2\/tags?post=2871"}],"curies":[{"name":"wp","href":"https:\/\/api.w.org\/{rel}","templated":true}]}}