{"id":2862,"date":"2019-04-23T10:50:24","date_gmt":"2019-04-23T08:50:24","guid":{"rendered":"http:\/\/agora.xtec.cat\/sesmcarrascoformiguera-sfc\/?p=2862"},"modified":"2019-04-23T10:51:00","modified_gmt":"2019-04-23T08:51:00","slug":"cantata-codinenca","status":"publish","type":"post","link":"https:\/\/agora.xtec.cat\/sesmcarrascoformiguera-sfc\/general\/cantata-codinenca\/","title":{"rendered":"Cantata codinenca"},"content":{"rendered":"<p style=\"text-align: justify;\">El proper divendres 10 de maig des de l\u2019escola de m\u00fasica de Sant Feliu ens han proposat cantar conjuntament dues can\u00e7ons a la pla\u00e7a del poble. Es tracta de reunir tantes persones com puguem per cantar alhora i amb acompanyament enregistrat les can\u00e7ons<a href=\"https:\/\/agora.xtec.cat\/sesmcarrascoformiguera-sfc\/wp-content\/uploads\/usu981\/2019\/04\/Bon-dia_Els-Pets_Lyrics.pdf\"> \u201cBon dia\u201d<\/a> dels <a href=\"https:\/\/www.youtube.com\/watch?v=XgwnYXOfIkk\">Pets<\/a> i <a href=\"https:\/\/agora.xtec.cat\/sesmcarrascoformiguera-sfc\/wp-content\/uploads\/usu981\/2019\/04\/Boig-per-tu_Shakira_Lyrics.pdf\">\u201cBoig per tu\u201d<\/a> de <a href=\"https:\/\/www.youtube.com\/watch?v=XtbAhey3c88\">Sau<\/a>, per\u00f2 en versi\u00f3 de la <a href=\"https:\/\/www.youtube.com\/watch?v=7vx9Z_eYBPA\">Shakira.<\/a><br \/>\nDes de l\u2019institut convoquem a totes aquelles persones -alumnes, amics i familiars- que vulguin i que puguin venir a les 5:30 a la pla\u00e7a amb la lletra de les can\u00e7ons, ganes de cantar i ganes de passar-ho b\u00e9. La trobada nom\u00e9s durar\u00e0 uns 10 o 15 minuts.<br \/>\nEn els diferents enlla\u00e7os podeu trobar la lletra de les can\u00e7ons, <a href=\"https:\/\/agora.xtec.cat\/sesmcarrascoformiguera-sfc\/wp-content\/uploads\/usu981\/2019\/04\/Shakira_boig-per-tu_Karaoke.mp3\">l\u2019enregistrament<\/a> en forma de <a href=\"https:\/\/agora.xtec.cat\/sesmcarrascoformiguera-sfc\/wp-content\/uploads\/usu981\/2019\/04\/Els-Pets_Bon-dia_Karaoke.mp3\">Karaoke<\/a> i els v\u00eddeos originals.<br \/>\nGr\u00e0cies a tothom per endavant!<\/p>\n","protected":false},"excerpt":{"rendered":"<p>El proper divendres 10 de maig des de l\u2019escola de m\u00fasica de Sant Feliu ens han proposat cantar conjuntament dues can\u00e7ons a la pla\u00e7a del poble. Es tracta de reunir tantes persones com puguem per cantar alhora i amb acompanyament enregistrat les can\u00e7ons<a href=\"https:\/\/agora.xtec.cat\/sesmcarrascoformiguera-sfc\/wp-content\/uploads\/usu981\/2019\/04\/Bon-dia_Els-Pets_Lyrics.pdf\"> \u201cBon&hellip;  <a href=\"https:\/\/agora.xtec.cat\/sesmcarrascoformiguera-sfc\/general\/cantata-codinenca\/\" title=\"Read Cantata codinenca\">Llegeix m\u00e9s\u00bb<\/a><\/p>\n","protected":false},"author":1,"featured_media":2867,"comment_status":"open","ping_status":"closed","sticky":false,"template":"","format":"standard","meta":{"_bbp_topic_count":0,"_bbp_reply_count":0,"_bbp_total_topic_count":0,"_bbp_total_reply_count":0,"_bbp_voice_count":0,"_bbp_anonymous_reply_count":0,"_bbp_topic_count_hidden":0,"_bbp_reply_count_hidden":0,"_bbp_forum_subforum_count":0,"footnotes":""},"categories":[1,29],"tags":[],"class_list":["post-2862","post","type-post","status-publish","format-standard","has-post-thumbnail","hentry","category-general","category-portada"],"post_mailing_queue_ids":[],"_links":{"self":[{"href":"https:\/\/agora.xtec.cat\/sesmcarrascoformiguera-sfc\/wp-json\/wp\/v2\/posts\/2862","targetHints":{"allow":["GET"]}}],"collection":[{"href":"https:\/\/agora.xtec.cat\/sesmcarrascoformiguera-sfc\/wp-json\/wp\/v2\/posts"}],"about":[{"href":"https:\/\/agora.xtec.cat\/sesmcarrascoformiguera-sfc\/wp-json\/wp\/v2\/types\/post"}],"author":[{"embeddable":true,"href":"https:\/\/agora.xtec.cat\/sesmcarrascoformiguera-sfc\/wp-json\/wp\/v2\/users\/1"}],"replies":[{"embeddable":true,"href":"https:\/\/agora.xtec.cat\/sesmcarrascoformiguera-sfc\/wp-json\/wp\/v2\/comments?post=2862"}],"version-history":[{"count":3,"href":"https:\/\/agora.xtec.cat\/sesmcarrascoformiguera-sfc\/wp-json\/wp\/v2\/posts\/2862\/revisions"}],"predecessor-version":[{"id":2870,"href":"https:\/\/agora.xtec.cat\/sesmcarrascoformiguera-sfc\/wp-json\/wp\/v2\/posts\/2862\/revisions\/2870"}],"wp:featuredmedia":[{"embeddable":true,"href":"https:\/\/agora.xtec.cat\/sesmcarrascoformiguera-sfc\/wp-json\/wp\/v2\/media\/2867"}],"wp:attachment":[{"href":"https:\/\/agora.xtec.cat\/sesmcarrascoformiguera-sfc\/wp-json\/wp\/v2\/media?parent=2862"}],"wp:term":[{"taxonomy":"category","embeddable":true,"href":"https:\/\/agora.xtec.cat\/sesmcarrascoformiguera-sfc\/wp-json\/wp\/v2\/categories?post=2862"},{"taxonomy":"post_tag","embeddable":true,"href":"https:\/\/agora.xtec.cat\/sesmcarrascoformiguera-sfc\/wp-json\/wp\/v2\/tags?post=2862"}],"curies":[{"name":"wp","href":"https:\/\/api.w.org\/{rel}","templated":true}]}}