{"id":2805,"date":"2019-03-29T16:36:09","date_gmt":"2019-03-29T15:36:09","guid":{"rendered":"http:\/\/agora.xtec.cat\/sesmcarrascoformiguera-sfc\/?p=2805"},"modified":"2019-03-29T16:36:51","modified_gmt":"2019-03-29T15:36:51","slug":"qui-soc-jo-projecte-educacio-emocional-1r-deso-i-2n-eso","status":"publish","type":"post","link":"https:\/\/agora.xtec.cat\/sesmcarrascoformiguera-sfc\/general\/qui-soc-jo-projecte-educacio-emocional-1r-deso-i-2n-eso\/","title":{"rendered":"QUI SOC JO? Projecte educaci\u00f3 emocional 1r d&#8217;ESO i 2n ESO."},"content":{"rendered":"<p style=\"text-align: justify;\">Ja fa quatre anys l&#8217;AMPA del Centre va manifestar inter\u00e9s en treballar l&#8217;Educaci\u00f3 Emocional a les aules.<br \/>\nTota la comunitat educativa de l&#8217;Institut ha posat fil a l&#8217;agulla i, com a part d&#8217;aquesta feina, hem elaborat el projecte <a href=\"https:\/\/photos.app.goo.gl\/66drSW3wwmtBbnv96\">QUI SOC JO?<\/a>, aquest curs per 1r i 2n d&#8217;ESO, la idea \u00e9s fixar-lo a 1r d&#8217;ESO pels cursos seg\u00fcents.<br \/>\nLa idea central \u00e9s que els alumnes aprenguin a con\u00e8ixer quines s\u00f3n les seves arrels, les seves qualitats, fortaleses i debilitats i quins els seus objectius de cara al futur.<br \/>\nL&#8217;experi\u00e8ncia ha estat molt positiva. Continuarem i provarem de millorar el projecte!<\/p>\n<p><a href=\"https:\/\/agora.xtec.cat\/sesmcarrascoformiguera-sfc\/wp-content\/uploads\/usu981\/2019\/03\/image.png\">\u00a0 \u00a0 \u00a0 \u00a0 \u00a0 \u00a0 \u00a0 \u00a0 \u00a0 \u00a0 \u00a0 \u00a0 \u00a0 \u00a0 \u00a0 \u00a0 \u00a0<img loading=\"lazy\" decoding=\"async\" class=\"alignnone wp-image-2807\" src=\"https:\/\/agora.xtec.cat\/sesmcarrascoformiguera-sfc\/wp-content\/uploads\/usu981\/2019\/03\/image.png\" alt=\"\" width=\"376\" height=\"501\" srcset=\"https:\/\/agora.xtec.cat\/sesmcarrascoformiguera-sfc\/wp-content\/uploads\/usu981\/2019\/03\/image.png 469w, https:\/\/agora.xtec.cat\/sesmcarrascoformiguera-sfc\/wp-content\/uploads\/usu981\/2019\/03\/image-225x300.png 225w\" sizes=\"auto, (max-width: 376px) 100vw, 376px\" \/>\u00a0\u00a0\u00a0<\/a><a href=\"https:\/\/agora.xtec.cat\/sesmcarrascoformiguera-sfc\/wp-content\/uploads\/usu981\/2019\/03\/image-2.png\"><img loading=\"lazy\" decoding=\"async\" class=\"alignnone size-full wp-image-2808\" src=\"https:\/\/agora.xtec.cat\/sesmcarrascoformiguera-sfc\/wp-content\/uploads\/usu981\/2019\/03\/image-2.png\" alt=\"\" width=\"376\" height=\"501\" srcset=\"https:\/\/agora.xtec.cat\/sesmcarrascoformiguera-sfc\/wp-content\/uploads\/usu981\/2019\/03\/image-2.png 469w, https:\/\/agora.xtec.cat\/sesmcarrascoformiguera-sfc\/wp-content\/uploads\/usu981\/2019\/03\/image-2-225x300.png 225w\" sizes=\"auto, (max-width: 376px) 100vw, 376px\" \/><\/a><\/p>\n","protected":false},"excerpt":{"rendered":"<p>Ja fa quatre anys l&#8217;AMPA del Centre va manifestar inter\u00e9s en treballar l&#8217;Educaci\u00f3 Emocional a les aules.<br \/>\nTota la comunitat educativa de l&#8217;Institut ha posat fil a l&#8217;agulla i, com a part d&#8217;aquesta feina, hem elaborat el projecte <a href=\"https:\/\/photos.app.goo.gl\/66drSW3wwmtBbnv96\">QUI SOC JO?<\/a>, aquest curs per 1r&hellip;  <a href=\"https:\/\/agora.xtec.cat\/sesmcarrascoformiguera-sfc\/general\/qui-soc-jo-projecte-educacio-emocional-1r-deso-i-2n-eso\/\" title=\"Read QUI SOC JO? Projecte educaci\u00f3 emocional 1r d&#8217;ESO i 2n ESO.\">Llegeix m\u00e9s\u00bb<\/a><\/p>\n","protected":false},"author":1,"featured_media":2809,"comment_status":"open","ping_status":"closed","sticky":false,"template":"","format":"standard","meta":{"_bbp_topic_count":0,"_bbp_reply_count":0,"_bbp_total_topic_count":0,"_bbp_total_reply_count":0,"_bbp_voice_count":0,"_bbp_anonymous_reply_count":0,"_bbp_topic_count_hidden":0,"_bbp_reply_count_hidden":0,"_bbp_forum_subforum_count":0,"footnotes":""},"categories":[3,4,5,1,29],"tags":[],"class_list":["post-2805","post","type-post","status-publish","format-standard","has-post-thumbnail","hentry","category-eso","category-eso-1","category-eso-2","category-general","category-portada"],"post_mailing_queue_ids":[],"_links":{"self":[{"href":"https:\/\/agora.xtec.cat\/sesmcarrascoformiguera-sfc\/wp-json\/wp\/v2\/posts\/2805","targetHints":{"allow":["GET"]}}],"collection":[{"href":"https:\/\/agora.xtec.cat\/sesmcarrascoformiguera-sfc\/wp-json\/wp\/v2\/posts"}],"about":[{"href":"https:\/\/agora.xtec.cat\/sesmcarrascoformiguera-sfc\/wp-json\/wp\/v2\/types\/post"}],"author":[{"embeddable":true,"href":"https:\/\/agora.xtec.cat\/sesmcarrascoformiguera-sfc\/wp-json\/wp\/v2\/users\/1"}],"replies":[{"embeddable":true,"href":"https:\/\/agora.xtec.cat\/sesmcarrascoformiguera-sfc\/wp-json\/wp\/v2\/comments?post=2805"}],"version-history":[{"count":2,"href":"https:\/\/agora.xtec.cat\/sesmcarrascoformiguera-sfc\/wp-json\/wp\/v2\/posts\/2805\/revisions"}],"predecessor-version":[{"id":2810,"href":"https:\/\/agora.xtec.cat\/sesmcarrascoformiguera-sfc\/wp-json\/wp\/v2\/posts\/2805\/revisions\/2810"}],"wp:featuredmedia":[{"embeddable":true,"href":"https:\/\/agora.xtec.cat\/sesmcarrascoformiguera-sfc\/wp-json\/wp\/v2\/media\/2809"}],"wp:attachment":[{"href":"https:\/\/agora.xtec.cat\/sesmcarrascoformiguera-sfc\/wp-json\/wp\/v2\/media?parent=2805"}],"wp:term":[{"taxonomy":"category","embeddable":true,"href":"https:\/\/agora.xtec.cat\/sesmcarrascoformiguera-sfc\/wp-json\/wp\/v2\/categories?post=2805"},{"taxonomy":"post_tag","embeddable":true,"href":"https:\/\/agora.xtec.cat\/sesmcarrascoformiguera-sfc\/wp-json\/wp\/v2\/tags?post=2805"}],"curies":[{"name":"wp","href":"https:\/\/api.w.org\/{rel}","templated":true}]}}