{"id":2802,"date":"2019-03-29T14:19:23","date_gmt":"2019-03-29T13:19:23","guid":{"rendered":"http:\/\/agora.xtec.cat\/sesmcarrascoformiguera-sfc\/?p=2802"},"modified":"2019-03-29T14:19:53","modified_gmt":"2019-03-29T13:19:53","slug":"visita-a-la-uab-i-cresa-4eso-projecte-de-recerca","status":"publish","type":"post","link":"https:\/\/agora.xtec.cat\/sesmcarrascoformiguera-sfc\/general\/visita-a-la-uab-i-cresa-4eso-projecte-de-recerca\/","title":{"rendered":"Visita a la UAB i CRESA. 4ESO-Projecte de Recerca"},"content":{"rendered":"<p style=\"text-align: justify;\">El dimecres 27 de mar\u00e7 hem visitat el CRESA i la Universistat Aut\u00f2noma de Barcelona.<br \/>\nEl\u00a0Centre de Recerca en Sanitat Animal IRTA-CReSA\u00a0\u00e9s un centre propi de l\u2019Institut de Recerca i Tecnologia Agroaliment\u00e0ria\u00a0(IRTA), un institut adscrit al Departament d\u2019Agricultura, Ramaderia, Pesca i Alimentaci\u00f3 de la Generalitat de Catalunya. La recerca de l\u2019IRTA-CReSA s\u2019emmarca dins de l\u2019\u00c0rea de Producci\u00f3 Animal i al\u00a0Programa de Sanitat Animal. Dins d\u2019aquest programa, la recerca es classifica en tres subprogrames: 1) Malalties end\u00e8miques, 2) Malalties ex\u00f2tiques i 3) Epidemiologia i an\u00e0lisi de risc.<br \/>\nEls alumnes de 4t d&#8217;ESO de l&#8217;optativa de Biologia i Geologia, veuen una apliaci\u00f3 directa en el m\u00f3n professional de molts dels temes estudiats durant el curs.<\/p>\n<p><a href=\"https:\/\/agora.xtec.cat\/sesmcarrascoformiguera-sfc\/wp-content\/uploads\/usu981\/2019\/03\/IMG_20190327_110408.jpg\"><img loading=\"lazy\" decoding=\"async\" class=\"wp-image-2794 aligncenter\" src=\"https:\/\/agora.xtec.cat\/sesmcarrascoformiguera-sfc\/wp-content\/uploads\/usu981\/2019\/03\/IMG_20190327_110408.jpg\" alt=\"\" width=\"459\" height=\"345\" srcset=\"https:\/\/agora.xtec.cat\/sesmcarrascoformiguera-sfc\/wp-content\/uploads\/usu981\/2019\/03\/IMG_20190327_110408.jpg 1022w, https:\/\/agora.xtec.cat\/sesmcarrascoformiguera-sfc\/wp-content\/uploads\/usu981\/2019\/03\/IMG_20190327_110408-300x225.jpg 300w, https:\/\/agora.xtec.cat\/sesmcarrascoformiguera-sfc\/wp-content\/uploads\/usu981\/2019\/03\/IMG_20190327_110408-768x577.jpg 768w, https:\/\/agora.xtec.cat\/sesmcarrascoformiguera-sfc\/wp-content\/uploads\/usu981\/2019\/03\/IMG_20190327_110408-200x150.jpg 200w\" sizes=\"auto, (max-width: 459px) 100vw, 459px\" \/><\/a><\/p>\n<p><a href=\"https:\/\/agora.xtec.cat\/sesmcarrascoformiguera-sfc\/wp-content\/uploads\/usu981\/2019\/03\/IMG_20190327_093907.jpg\"><img loading=\"lazy\" decoding=\"async\" class=\"size-large wp-image-2803 aligncenter\" src=\"https:\/\/agora.xtec.cat\/sesmcarrascoformiguera-sfc\/wp-content\/uploads\/usu981\/2019\/03\/IMG_20190327_093907-1024x768.jpg\" alt=\"\" width=\"459\" height=\"345\" srcset=\"https:\/\/agora.xtec.cat\/sesmcarrascoformiguera-sfc\/wp-content\/uploads\/usu981\/2019\/03\/IMG_20190327_093907-1024x768.jpg 1024w, https:\/\/agora.xtec.cat\/sesmcarrascoformiguera-sfc\/wp-content\/uploads\/usu981\/2019\/03\/IMG_20190327_093907-300x225.jpg 300w, https:\/\/agora.xtec.cat\/sesmcarrascoformiguera-sfc\/wp-content\/uploads\/usu981\/2019\/03\/IMG_20190327_093907-768x576.jpg 768w, https:\/\/agora.xtec.cat\/sesmcarrascoformiguera-sfc\/wp-content\/uploads\/usu981\/2019\/03\/IMG_20190327_093907-200x150.jpg 200w\" sizes=\"auto, (max-width: 459px) 100vw, 459px\" \/><\/a><\/p>\n","protected":false},"excerpt":{"rendered":"<p>El dimecres 27 de mar\u00e7 hem visitat el CRESA i la Universistat Aut\u00f2noma de Barcelona.<br \/>\nEl\u00a0Centre de Recerca en Sanitat Animal IRTA-CReSA\u00a0\u00e9s un centre propi de l\u2019Institut de Recerca i Tecnologia Agroaliment\u00e0ria\u00a0(IRTA), un institut adscrit al Departament d\u2019Agricultura, Ramaderia, Pesca i Alimentaci\u00f3 de la Generalitat de&hellip;  <a href=\"https:\/\/agora.xtec.cat\/sesmcarrascoformiguera-sfc\/general\/visita-a-la-uab-i-cresa-4eso-projecte-de-recerca\/\" title=\"Read Visita a la UAB i CRESA. 4ESO-Projecte de Recerca\">Llegeix m\u00e9s\u00bb<\/a><\/p>\n","protected":false},"author":1,"featured_media":2794,"comment_status":"open","ping_status":"closed","sticky":false,"template":"","format":"standard","meta":{"_bbp_topic_count":0,"_bbp_reply_count":0,"_bbp_total_topic_count":0,"_bbp_total_reply_count":0,"_bbp_voice_count":0,"_bbp_anonymous_reply_count":0,"_bbp_topic_count_hidden":0,"_bbp_reply_count_hidden":0,"_bbp_forum_subforum_count":0,"footnotes":""},"categories":[3,7,1,29],"tags":[],"class_list":["post-2802","post","type-post","status-publish","format-standard","has-post-thumbnail","hentry","category-eso","category-eso-4","category-general","category-portada"],"post_mailing_queue_ids":[],"_links":{"self":[{"href":"https:\/\/agora.xtec.cat\/sesmcarrascoformiguera-sfc\/wp-json\/wp\/v2\/posts\/2802","targetHints":{"allow":["GET"]}}],"collection":[{"href":"https:\/\/agora.xtec.cat\/sesmcarrascoformiguera-sfc\/wp-json\/wp\/v2\/posts"}],"about":[{"href":"https:\/\/agora.xtec.cat\/sesmcarrascoformiguera-sfc\/wp-json\/wp\/v2\/types\/post"}],"author":[{"embeddable":true,"href":"https:\/\/agora.xtec.cat\/sesmcarrascoformiguera-sfc\/wp-json\/wp\/v2\/users\/1"}],"replies":[{"embeddable":true,"href":"https:\/\/agora.xtec.cat\/sesmcarrascoformiguera-sfc\/wp-json\/wp\/v2\/comments?post=2802"}],"version-history":[{"count":1,"href":"https:\/\/agora.xtec.cat\/sesmcarrascoformiguera-sfc\/wp-json\/wp\/v2\/posts\/2802\/revisions"}],"predecessor-version":[{"id":2804,"href":"https:\/\/agora.xtec.cat\/sesmcarrascoformiguera-sfc\/wp-json\/wp\/v2\/posts\/2802\/revisions\/2804"}],"wp:featuredmedia":[{"embeddable":true,"href":"https:\/\/agora.xtec.cat\/sesmcarrascoformiguera-sfc\/wp-json\/wp\/v2\/media\/2794"}],"wp:attachment":[{"href":"https:\/\/agora.xtec.cat\/sesmcarrascoformiguera-sfc\/wp-json\/wp\/v2\/media?parent=2802"}],"wp:term":[{"taxonomy":"category","embeddable":true,"href":"https:\/\/agora.xtec.cat\/sesmcarrascoformiguera-sfc\/wp-json\/wp\/v2\/categories?post=2802"},{"taxonomy":"post_tag","embeddable":true,"href":"https:\/\/agora.xtec.cat\/sesmcarrascoformiguera-sfc\/wp-json\/wp\/v2\/tags?post=2802"}],"curies":[{"name":"wp","href":"https:\/\/api.w.org\/{rel}","templated":true}]}}