{"id":2783,"date":"2019-03-23T12:28:34","date_gmt":"2019-03-23T11:28:34","guid":{"rendered":"http:\/\/agora.xtec.cat\/sesmcarrascoformiguera-sfc\/?p=2783"},"modified":"2019-03-24T10:40:57","modified_gmt":"2019-03-24T09:40:57","slug":"prova-cangur-5","status":"publish","type":"post","link":"https:\/\/agora.xtec.cat\/sesmcarrascoformiguera-sfc\/general\/prova-cangur-5\/","title":{"rendered":"Prova Cangur"},"content":{"rendered":"<p style=\"text-align: justify;\">Com ja \u00e9s habitual el 3r dijous del mes de Mar\u00e7, la Societat Catalana de Matem\u00e0tiques organitza la prova \u201cCangur\u201d destinada a tots els alumnes de 5\u00e8 de Prim\u00e0ria fins a 2n de Batxillerat. L\u2019objectiu d\u2019aquesta prova \u00e9s estimular i motivar l&#8217;aprenentatge de les matem\u00e0tiques a trav\u00e9s dels problemes.<\/p>\n<p style=\"text-align: center;\"><a href=\"https:\/\/agora.xtec.cat\/sesmcarrascoformiguera-sfc\/wp-content\/uploads\/usu981\/2019\/03\/IMG_20190321_110256763.jpg\"><img decoding=\"async\" class=\"alignnone size-large wp-image-2785\" src=\"https:\/\/agora.xtec.cat\/sesmcarrascoformiguera-sfc\/wp-content\/uploads\/usu981\/2019\/03\/IMG_20190321_110256763-1024x768.jpg\" alt=\"\" width=\"600\" srcset=\"https:\/\/agora.xtec.cat\/sesmcarrascoformiguera-sfc\/wp-content\/uploads\/usu981\/2019\/03\/IMG_20190321_110256763-1024x768.jpg 1024w, https:\/\/agora.xtec.cat\/sesmcarrascoformiguera-sfc\/wp-content\/uploads\/usu981\/2019\/03\/IMG_20190321_110256763-300x225.jpg 300w, https:\/\/agora.xtec.cat\/sesmcarrascoformiguera-sfc\/wp-content\/uploads\/usu981\/2019\/03\/IMG_20190321_110256763-768x576.jpg 768w, https:\/\/agora.xtec.cat\/sesmcarrascoformiguera-sfc\/wp-content\/uploads\/usu981\/2019\/03\/IMG_20190321_110256763-200x150.jpg 200w\" sizes=\"(max-width: 1024px) 100vw, 1024px\" \/><\/a><\/p>\n<p>El nostre Centre ofereix la possibilitat a tots <a href=\"https:\/\/photos.app.goo.gl\/oA7kbdxRmwwgELP87\">aquells alumnes<\/a> que vulguin a participar-hi. Aquets any hi han participat 16 alumnes, que durant 75 minuts han intentant resoldre 30 problemes.<br \/>\nDespr\u00e9s de l\u2019esfor\u00e7, han pogut gaudir d\u2019un petit esmorzar parlant d\u2019algun problema que han fet o que no han sabut fer. Esperem que els propers anys puguem seguir participant en aquesta prova.<\/p>\n<p style=\"text-align: center;\"><a href=\"https:\/\/agora.xtec.cat\/sesmcarrascoformiguera-sfc\/wp-content\/uploads\/usu981\/2019\/03\/IMG_20190321_120234682.jpg\"><img decoding=\"async\" class=\"alignnone size-large wp-image-2787\" src=\"https:\/\/agora.xtec.cat\/sesmcarrascoformiguera-sfc\/wp-content\/uploads\/usu981\/2019\/03\/IMG_20190321_120234682-1024x768.jpg\" alt=\"\" width=\"600\" srcset=\"https:\/\/agora.xtec.cat\/sesmcarrascoformiguera-sfc\/wp-content\/uploads\/usu981\/2019\/03\/IMG_20190321_120234682-1024x768.jpg 1024w, https:\/\/agora.xtec.cat\/sesmcarrascoformiguera-sfc\/wp-content\/uploads\/usu981\/2019\/03\/IMG_20190321_120234682-300x225.jpg 300w, https:\/\/agora.xtec.cat\/sesmcarrascoformiguera-sfc\/wp-content\/uploads\/usu981\/2019\/03\/IMG_20190321_120234682-768x576.jpg 768w, https:\/\/agora.xtec.cat\/sesmcarrascoformiguera-sfc\/wp-content\/uploads\/usu981\/2019\/03\/IMG_20190321_120234682-200x150.jpg 200w\" sizes=\"(max-width: 1024px) 100vw, 1024px\" \/><\/a><\/p>\n","protected":false},"excerpt":{"rendered":"<p>Com ja \u00e9s habitual el 3r dijous del mes de Mar\u00e7, la Societat Catalana de Matem\u00e0tiques organitza la prova \u201cCangur\u201d destinada a tots els alumnes de 5\u00e8 de Prim\u00e0ria fins a 2n de Batxillerat. L\u2019objectiu d\u2019aquesta prova \u00e9s estimular i motivar l&#8217;aprenentatge de les matem\u00e0tiques&hellip;  <a href=\"https:\/\/agora.xtec.cat\/sesmcarrascoformiguera-sfc\/general\/prova-cangur-5\/\" title=\"Read Prova Cangur\">Llegeix m\u00e9s\u00bb<\/a><\/p>\n","protected":false},"author":1,"featured_media":2784,"comment_status":"open","ping_status":"closed","sticky":false,"template":"","format":"standard","meta":{"_bbp_topic_count":0,"_bbp_reply_count":0,"_bbp_total_topic_count":0,"_bbp_total_reply_count":0,"_bbp_voice_count":0,"_bbp_anonymous_reply_count":0,"_bbp_topic_count_hidden":0,"_bbp_reply_count_hidden":0,"_bbp_forum_subforum_count":0,"footnotes":""},"categories":[3,1,29],"tags":[],"class_list":["post-2783","post","type-post","status-publish","format-standard","has-post-thumbnail","hentry","category-eso","category-general","category-portada"],"post_mailing_queue_ids":[],"_links":{"self":[{"href":"https:\/\/agora.xtec.cat\/sesmcarrascoformiguera-sfc\/wp-json\/wp\/v2\/posts\/2783","targetHints":{"allow":["GET"]}}],"collection":[{"href":"https:\/\/agora.xtec.cat\/sesmcarrascoformiguera-sfc\/wp-json\/wp\/v2\/posts"}],"about":[{"href":"https:\/\/agora.xtec.cat\/sesmcarrascoformiguera-sfc\/wp-json\/wp\/v2\/types\/post"}],"author":[{"embeddable":true,"href":"https:\/\/agora.xtec.cat\/sesmcarrascoformiguera-sfc\/wp-json\/wp\/v2\/users\/1"}],"replies":[{"embeddable":true,"href":"https:\/\/agora.xtec.cat\/sesmcarrascoformiguera-sfc\/wp-json\/wp\/v2\/comments?post=2783"}],"version-history":[{"count":3,"href":"https:\/\/agora.xtec.cat\/sesmcarrascoformiguera-sfc\/wp-json\/wp\/v2\/posts\/2783\/revisions"}],"predecessor-version":[{"id":2792,"href":"https:\/\/agora.xtec.cat\/sesmcarrascoformiguera-sfc\/wp-json\/wp\/v2\/posts\/2783\/revisions\/2792"}],"wp:featuredmedia":[{"embeddable":true,"href":"https:\/\/agora.xtec.cat\/sesmcarrascoformiguera-sfc\/wp-json\/wp\/v2\/media\/2784"}],"wp:attachment":[{"href":"https:\/\/agora.xtec.cat\/sesmcarrascoformiguera-sfc\/wp-json\/wp\/v2\/media?parent=2783"}],"wp:term":[{"taxonomy":"category","embeddable":true,"href":"https:\/\/agora.xtec.cat\/sesmcarrascoformiguera-sfc\/wp-json\/wp\/v2\/categories?post=2783"},{"taxonomy":"post_tag","embeddable":true,"href":"https:\/\/agora.xtec.cat\/sesmcarrascoformiguera-sfc\/wp-json\/wp\/v2\/tags?post=2783"}],"curies":[{"name":"wp","href":"https:\/\/api.w.org\/{rel}","templated":true}]}}