{"id":2769,"date":"2019-03-22T14:20:47","date_gmt":"2019-03-22T13:20:47","guid":{"rendered":"http:\/\/agora.xtec.cat\/sesmcarrascoformiguera-sfc\/?p=2769"},"modified":"2019-03-22T16:25:35","modified_gmt":"2019-03-22T15:25:35","slug":"visita-a-la-depuradora-2","status":"publish","type":"post","link":"https:\/\/agora.xtec.cat\/sesmcarrascoformiguera-sfc\/general\/visita-a-la-depuradora-2\/","title":{"rendered":"Visita a la depuradora"},"content":{"rendered":"<p style=\"text-align: justify;\">Els alumnes de 2n d&#8217;ESO han visitat la depuradora de Sant Feliu de Codines, ja que estudien el tema de les aig\u00fces residuals, la seva depuraci\u00f3 i la conservaci\u00f3 del medi ambient dins la mat\u00e8ria de Tecnologia. Ha estat una sortida molt interessant i profitosa.<\/p>\n<p><a href=\"https:\/\/agora.xtec.cat\/sesmcarrascoformiguera-sfc\/wp-content\/uploads\/usu981\/2019\/03\/3_IMG_20190320_104306.jpg\"><img loading=\"lazy\" decoding=\"async\" class=\"wp-image-2770 aligncenter\" src=\"https:\/\/agora.xtec.cat\/sesmcarrascoformiguera-sfc\/wp-content\/uploads\/usu981\/2019\/03\/3_IMG_20190320_104306-1024x512.jpg\" alt=\"\" width=\"595\" height=\"298\" srcset=\"https:\/\/agora.xtec.cat\/sesmcarrascoformiguera-sfc\/wp-content\/uploads\/usu981\/2019\/03\/3_IMG_20190320_104306.jpg 1024w, https:\/\/agora.xtec.cat\/sesmcarrascoformiguera-sfc\/wp-content\/uploads\/usu981\/2019\/03\/3_IMG_20190320_104306-300x150.jpg 300w, https:\/\/agora.xtec.cat\/sesmcarrascoformiguera-sfc\/wp-content\/uploads\/usu981\/2019\/03\/3_IMG_20190320_104306-768x384.jpg 768w\" sizes=\"auto, (max-width: 595px) 100vw, 595px\" \/><\/a><\/p>\n<p><a href=\"https:\/\/agora.xtec.cat\/sesmcarrascoformiguera-sfc\/wp-content\/uploads\/usu981\/2019\/03\/4_IMG_20190320_112659.jpg\"><img loading=\"lazy\" decoding=\"async\" class=\"wp-image-2771 aligncenter\" src=\"https:\/\/agora.xtec.cat\/sesmcarrascoformiguera-sfc\/wp-content\/uploads\/usu981\/2019\/03\/4_IMG_20190320_112659-1024x512.jpg\" alt=\"\" width=\"609\" height=\"305\" srcset=\"https:\/\/agora.xtec.cat\/sesmcarrascoformiguera-sfc\/wp-content\/uploads\/usu981\/2019\/03\/4_IMG_20190320_112659.jpg 1024w, https:\/\/agora.xtec.cat\/sesmcarrascoformiguera-sfc\/wp-content\/uploads\/usu981\/2019\/03\/4_IMG_20190320_112659-300x150.jpg 300w, https:\/\/agora.xtec.cat\/sesmcarrascoformiguera-sfc\/wp-content\/uploads\/usu981\/2019\/03\/4_IMG_20190320_112659-768x384.jpg 768w\" sizes=\"auto, (max-width: 609px) 100vw, 609px\" \/><\/a><\/p>\n<p>&nbsp;<\/p>\n","protected":false},"excerpt":{"rendered":"<p>Els alumnes de 2n d&#8217;ESO han visitat la depuradora de Sant Feliu de Codines, ja que estudien el tema de les aig\u00fces residuals, la seva depuraci\u00f3 i la conservaci\u00f3 del medi ambient dins la mat\u00e8ria de Tecnologia. Ha estat una sortida molt interessant i profitosa.<br \/>\n<a&hellip;  <a href=\"https:\/\/agora.xtec.cat\/sesmcarrascoformiguera-sfc\/general\/visita-a-la-depuradora-2\/\" title=\"Read Visita a la depuradora\">Llegeix m\u00e9s\u00bb<\/a><\/p>\n","protected":false},"author":1,"featured_media":2772,"comment_status":"open","ping_status":"closed","sticky":false,"template":"","format":"standard","meta":{"_bbp_topic_count":0,"_bbp_reply_count":0,"_bbp_total_topic_count":0,"_bbp_total_reply_count":0,"_bbp_voice_count":0,"_bbp_anonymous_reply_count":0,"_bbp_topic_count_hidden":0,"_bbp_reply_count_hidden":0,"_bbp_forum_subforum_count":0,"footnotes":""},"categories":[3,5,1,29],"tags":[],"class_list":["post-2769","post","type-post","status-publish","format-standard","has-post-thumbnail","hentry","category-eso","category-eso-2","category-general","category-portada"],"post_mailing_queue_ids":[],"_links":{"self":[{"href":"https:\/\/agora.xtec.cat\/sesmcarrascoformiguera-sfc\/wp-json\/wp\/v2\/posts\/2769","targetHints":{"allow":["GET"]}}],"collection":[{"href":"https:\/\/agora.xtec.cat\/sesmcarrascoformiguera-sfc\/wp-json\/wp\/v2\/posts"}],"about":[{"href":"https:\/\/agora.xtec.cat\/sesmcarrascoformiguera-sfc\/wp-json\/wp\/v2\/types\/post"}],"author":[{"embeddable":true,"href":"https:\/\/agora.xtec.cat\/sesmcarrascoformiguera-sfc\/wp-json\/wp\/v2\/users\/1"}],"replies":[{"embeddable":true,"href":"https:\/\/agora.xtec.cat\/sesmcarrascoformiguera-sfc\/wp-json\/wp\/v2\/comments?post=2769"}],"version-history":[{"count":3,"href":"https:\/\/agora.xtec.cat\/sesmcarrascoformiguera-sfc\/wp-json\/wp\/v2\/posts\/2769\/revisions"}],"predecessor-version":[{"id":2779,"href":"https:\/\/agora.xtec.cat\/sesmcarrascoformiguera-sfc\/wp-json\/wp\/v2\/posts\/2769\/revisions\/2779"}],"wp:featuredmedia":[{"embeddable":true,"href":"https:\/\/agora.xtec.cat\/sesmcarrascoformiguera-sfc\/wp-json\/wp\/v2\/media\/2772"}],"wp:attachment":[{"href":"https:\/\/agora.xtec.cat\/sesmcarrascoformiguera-sfc\/wp-json\/wp\/v2\/media?parent=2769"}],"wp:term":[{"taxonomy":"category","embeddable":true,"href":"https:\/\/agora.xtec.cat\/sesmcarrascoformiguera-sfc\/wp-json\/wp\/v2\/categories?post=2769"},{"taxonomy":"post_tag","embeddable":true,"href":"https:\/\/agora.xtec.cat\/sesmcarrascoformiguera-sfc\/wp-json\/wp\/v2\/tags?post=2769"}],"curies":[{"name":"wp","href":"https:\/\/api.w.org\/{rel}","templated":true}]}}