{"id":2758,"date":"2019-03-22T08:51:54","date_gmt":"2019-03-22T07:51:54","guid":{"rendered":"http:\/\/agora.xtec.cat\/sesmcarrascoformiguera-sfc\/?p=2758"},"modified":"2019-03-22T08:51:54","modified_gmt":"2019-03-22T07:51:54","slug":"dia-8-de-marc-dia-internacional-de-la-dona-treballadora","status":"publish","type":"post","link":"https:\/\/agora.xtec.cat\/sesmcarrascoformiguera-sfc\/general\/dia-8-de-marc-dia-internacional-de-la-dona-treballadora\/","title":{"rendered":"Dia 8 de Mar\u00e7. Dia internacional de la dona treballadora"},"content":{"rendered":"<p style=\"text-align: justify;\">Aquest curs hem fet diverses activitats amb els alumnes per con\u00e8ixer qu\u00e8 es celebra en el Dia Internacional de la <a href=\"https:\/\/photos.app.goo.gl\/6BvEX1vbVweXrGHb8\">dona treballadora<\/a> i perqu\u00e8 s&#8217;ha triat el dia 8 de mar\u00e7.<\/p>\n<p style=\"text-align: justify;\"><a href=\"https:\/\/agora.xtec.cat\/sesmcarrascoformiguera-sfc\/wp-content\/uploads\/usu981\/2019\/03\/IMG-20190320-WA0006.jpg\">\u00a0 \u00a0 \u00a0 \u00a0 \u00a0 \u00a0 \u00a0 \u00a0 \u00a0 \u00a0 \u00a0 \u00a0 \u00a0 \u00a0 \u00a0 \u00a0 \u00a0 \u00a0 \u00a0 \u00a0 \u00a0 \u00a0 \u00a0<img loading=\"lazy\" decoding=\"async\" class=\"alignnone wp-image-2760\" src=\"https:\/\/agora.xtec.cat\/sesmcarrascoformiguera-sfc\/wp-content\/uploads\/usu981\/2019\/03\/IMG-20190320-WA0006-497x1024.jpg\" alt=\"\" width=\"298\" height=\"614\" srcset=\"https:\/\/agora.xtec.cat\/sesmcarrascoformiguera-sfc\/wp-content\/uploads\/usu981\/2019\/03\/IMG-20190320-WA0006.jpg 497w, https:\/\/agora.xtec.cat\/sesmcarrascoformiguera-sfc\/wp-content\/uploads\/usu981\/2019\/03\/IMG-20190320-WA0006-146x300.jpg 146w\" sizes=\"auto, (max-width: 298px) 100vw, 298px\" \/>\u00a0\u00a0\u00a0\u00a0\u00a0\u00a0\u00a0\u00a0<\/a><a href=\"https:\/\/agora.xtec.cat\/sesmcarrascoformiguera-sfc\/wp-content\/uploads\/usu981\/2019\/03\/IMG-20190320-WA0007.jpg\"><img loading=\"lazy\" decoding=\"async\" class=\"alignnone wp-image-2761\" src=\"https:\/\/agora.xtec.cat\/sesmcarrascoformiguera-sfc\/wp-content\/uploads\/usu981\/2019\/03\/IMG-20190320-WA0007-497x1024.jpg\" alt=\"\" width=\"298\" height=\"614\" srcset=\"https:\/\/agora.xtec.cat\/sesmcarrascoformiguera-sfc\/wp-content\/uploads\/usu981\/2019\/03\/IMG-20190320-WA0007.jpg 497w, https:\/\/agora.xtec.cat\/sesmcarrascoformiguera-sfc\/wp-content\/uploads\/usu981\/2019\/03\/IMG-20190320-WA0007-146x300.jpg 146w\" sizes=\"auto, (max-width: 298px) 100vw, 298px\" \/><\/a><br \/>\nA les tutories hem fet activitats diverses, que hem recollit en el rebedor de l&#8217;Institut i el dia 8 vam participar tots els cursos en les activitats que van portar a terme el grup Transfeministes de Sant Feliu de Codines, a la pla\u00e7a del poble i al Centre C\u00edvic.<br \/>\nPensem que va ser un dia molt profit\u00f3s on tots vam aprendre algunes coses, grans i petits! Ens vam retrobar amb tres fant\u00e0stiques alumnes a la pla\u00e7a que van preparar unes activitats amb una qualitat excel\u00b7lent, moltes gr\u00e0cies per oferir-nos un dia tan especial.<\/p>\n<p><a href=\"https:\/\/agora.xtec.cat\/sesmcarrascoformiguera-sfc\/wp-content\/uploads\/usu981\/2019\/03\/IMG_20190308_110717.jpg\"><img loading=\"lazy\" decoding=\"async\" class=\"wp-image-2762 aligncenter\" src=\"https:\/\/agora.xtec.cat\/sesmcarrascoformiguera-sfc\/wp-content\/uploads\/usu981\/2019\/03\/IMG_20190308_110717-768x1024.jpg\" alt=\"\" width=\"454\" height=\"606\" srcset=\"https:\/\/agora.xtec.cat\/sesmcarrascoformiguera-sfc\/wp-content\/uploads\/usu981\/2019\/03\/IMG_20190308_110717.jpg 768w, https:\/\/agora.xtec.cat\/sesmcarrascoformiguera-sfc\/wp-content\/uploads\/usu981\/2019\/03\/IMG_20190308_110717-225x300.jpg 225w\" sizes=\"auto, (max-width: 454px) 100vw, 454px\" \/><\/a><\/p>\n","protected":false},"excerpt":{"rendered":"<p>Aquest curs hem fet diverses activitats amb els alumnes per con\u00e8ixer qu\u00e8 es celebra en el Dia Internacional de la <a href=\"https:\/\/photos.app.goo.gl\/6BvEX1vbVweXrGHb8\">dona treballadora<\/a> i perqu\u00e8 s&#8217;ha triat el dia 8 de mar\u00e7.<br \/>\n<a href=\"https:\/\/agora.xtec.cat\/sesmcarrascoformiguera-sfc\/wp-content\/uploads\/usu981\/2019\/03\/IMG-20190320-WA0006.jpg\">\u00a0 \u00a0 \u00a0 \u00a0 \u00a0 \u00a0 \u00a0 \u00a0 \u00a0 \u00a0 \u00a0 \u00a0 \u00a0&hellip;  <a href=\"https:\/\/agora.xtec.cat\/sesmcarrascoformiguera-sfc\/general\/dia-8-de-marc-dia-internacional-de-la-dona-treballadora\/\" title=\"Read Dia 8 de Mar\u00e7. Dia internacional de la dona treballadora\">Llegeix m\u00e9s\u00bb<\/a><\/p>\n","protected":false},"author":1,"featured_media":2759,"comment_status":"open","ping_status":"closed","sticky":false,"template":"","format":"standard","meta":{"_bbp_topic_count":0,"_bbp_reply_count":0,"_bbp_total_topic_count":0,"_bbp_total_reply_count":0,"_bbp_voice_count":0,"_bbp_anonymous_reply_count":0,"_bbp_topic_count_hidden":0,"_bbp_reply_count_hidden":0,"_bbp_forum_subforum_count":0,"footnotes":""},"categories":[3,1,29],"tags":[],"class_list":["post-2758","post","type-post","status-publish","format-standard","has-post-thumbnail","hentry","category-eso","category-general","category-portada"],"post_mailing_queue_ids":[],"_links":{"self":[{"href":"https:\/\/agora.xtec.cat\/sesmcarrascoformiguera-sfc\/wp-json\/wp\/v2\/posts\/2758","targetHints":{"allow":["GET"]}}],"collection":[{"href":"https:\/\/agora.xtec.cat\/sesmcarrascoformiguera-sfc\/wp-json\/wp\/v2\/posts"}],"about":[{"href":"https:\/\/agora.xtec.cat\/sesmcarrascoformiguera-sfc\/wp-json\/wp\/v2\/types\/post"}],"author":[{"embeddable":true,"href":"https:\/\/agora.xtec.cat\/sesmcarrascoformiguera-sfc\/wp-json\/wp\/v2\/users\/1"}],"replies":[{"embeddable":true,"href":"https:\/\/agora.xtec.cat\/sesmcarrascoformiguera-sfc\/wp-json\/wp\/v2\/comments?post=2758"}],"version-history":[{"count":2,"href":"https:\/\/agora.xtec.cat\/sesmcarrascoformiguera-sfc\/wp-json\/wp\/v2\/posts\/2758\/revisions"}],"predecessor-version":[{"id":2764,"href":"https:\/\/agora.xtec.cat\/sesmcarrascoformiguera-sfc\/wp-json\/wp\/v2\/posts\/2758\/revisions\/2764"}],"wp:featuredmedia":[{"embeddable":true,"href":"https:\/\/agora.xtec.cat\/sesmcarrascoformiguera-sfc\/wp-json\/wp\/v2\/media\/2759"}],"wp:attachment":[{"href":"https:\/\/agora.xtec.cat\/sesmcarrascoformiguera-sfc\/wp-json\/wp\/v2\/media?parent=2758"}],"wp:term":[{"taxonomy":"category","embeddable":true,"href":"https:\/\/agora.xtec.cat\/sesmcarrascoformiguera-sfc\/wp-json\/wp\/v2\/categories?post=2758"},{"taxonomy":"post_tag","embeddable":true,"href":"https:\/\/agora.xtec.cat\/sesmcarrascoformiguera-sfc\/wp-json\/wp\/v2\/tags?post=2758"}],"curies":[{"name":"wp","href":"https:\/\/api.w.org\/{rel}","templated":true}]}}