{"id":9950,"date":"2025-04-22T11:04:19","date_gmt":"2025-04-22T09:04:19","guid":{"rendered":"https:\/\/agora.xtec.cat\/sesernestlluch-cunit\/?p=9950"},"modified":"2025-04-22T11:06:38","modified_gmt":"2025-04-22T09:06:38","slug":"ciclo-de-cortos-para-fomentar-la-igualdad-de-genero","status":"publish","type":"post","link":"https:\/\/agora.xtec.cat\/sesernestlluch-cunit\/general\/ciclo-de-cortos-para-fomentar-la-igualdad-de-genero\/","title":{"rendered":"Ciclo de cortos para fomentar la igualdad de g\u00e9nero"},"content":{"rendered":"<p>El Ayuntamiento de Cunit, en colaboraci\u00f3n con la plataforma <strong>CortoEspa\u00f1a<\/strong>, pone en marcha un ciclo<br \/>\nde cortometrajes que, el pr\u00f3ximo 25 de abril, permitir\u00e1 el visionado de seis de los mejores trabajos a<br \/>\nnivel nacional, todos ellos dirigidos por mujeres.<br \/>\nSe trata de seis cortometrajes con un gran recorrido nacional e internacional a sus espaldas, y con<br \/>\nmultitud de premios en todo tipo de festivales. El ciclo recoge dos trabajos nominados a un premio<br \/>\nGoya, \u201cEl trono\u201d, de Luc\u00eda Jim\u00e9nez, que nos muestra como el presidente del gobierno, un hombre<br \/>\nleal, escrupuloso y pulcro, se queda atrapado en un ba\u00f1o p\u00fablico sin papel, en plena campa\u00f1a<br \/>\nelectoral, y el corto de animaci\u00f3n \u201cBecarias\u201d de Marina Donderis, N\u00faria Poveda y Marina Cort\u00f3n,<br \/>\ndonde vemos a tres j\u00f3venes amigas, reci\u00e9n estrenadas en el \u2018co-living\u2019 del siglo XXI, enfrentarse al<br \/>\nreto de pagar el alquiler cada mes. \u201cMentiste Amanda\u201d, de Eva Libertad y Nuria Mu\u00f1oz, aborda el<br \/>\ntema del acoso infantil. N\u00fcll Garc\u00eda nos sorprende con \u201cMalegro verte\u201d, que cuenta la historia de dos<br \/>\namigas muy diferentes que ven c\u00f3mo sus vidas se han distanciado mucho desde aquellos veranos<br \/>\nen el pueblo. \u201cColorado\u201d, de Sandra Gallego y Pilar G\u00f3mez, y \u201cPathos\u201d de Andrea Novela, componen<br \/>\nesta excelente programaci\u00f3n que har\u00e1 disfrutar a todos los asistentes.<br \/>\nLos trabajos podr\u00e1n ser visionados el INS Ernest Lluch i Martin de Cunit y est\u00e1 dirigido al alumnado<br \/>\nde 1\u00ba de bachillerato y ciclos.<\/p>\n<p><a href=\"https:\/\/agora.xtec.cat\/sesernestlluch-cunit\/wp-content\/uploads\/usu1679\/2025\/04\/Cartel-Ciclo-de-cortos-dirigidos-por-mujeres-Cunit-2025.jpeg\"><img loading=\"lazy\" decoding=\"async\" class=\"alignnone size-full wp-image-9951\" src=\"https:\/\/agora.xtec.cat\/sesernestlluch-cunit\/wp-content\/uploads\/usu1679\/2025\/04\/Cartel-Ciclo-de-cortos-dirigidos-por-mujeres-Cunit-2025.jpeg\" alt=\"\" width=\"453\" height=\"640\" srcset=\"https:\/\/agora.xtec.cat\/sesernestlluch-cunit\/wp-content\/uploads\/usu1679\/2025\/04\/Cartel-Ciclo-de-cortos-dirigidos-por-mujeres-Cunit-2025.jpeg 453w, https:\/\/agora.xtec.cat\/sesernestlluch-cunit\/wp-content\/uploads\/usu1679\/2025\/04\/Cartel-Ciclo-de-cortos-dirigidos-por-mujeres-Cunit-2025-212x300.jpeg 212w\" sizes=\"auto, (max-width: 453px) 100vw, 453px\" \/><\/a> <a href=\"https:\/\/agora.xtec.cat\/sesernestlluch-cunit\/wp-content\/uploads\/usu1679\/2025\/04\/Programa-Cortos-dirigidos-por-mujeres-2025.jpeg\"><img loading=\"lazy\" decoding=\"async\" class=\"alignnone size-large wp-image-9952\" src=\"https:\/\/agora.xtec.cat\/sesernestlluch-cunit\/wp-content\/uploads\/usu1679\/2025\/04\/Programa-Cortos-dirigidos-por-mujeres-2025.jpeg\" alt=\"\" width=\"454\" height=\"640\" srcset=\"https:\/\/agora.xtec.cat\/sesernestlluch-cunit\/wp-content\/uploads\/usu1679\/2025\/04\/Programa-Cortos-dirigidos-por-mujeres-2025.jpeg 454w, https:\/\/agora.xtec.cat\/sesernestlluch-cunit\/wp-content\/uploads\/usu1679\/2025\/04\/Programa-Cortos-dirigidos-por-mujeres-2025-213x300.jpeg 213w\" sizes=\"auto, (max-width: 454px) 100vw, 454px\" \/><\/a><\/p>\n","protected":false},"excerpt":{"rendered":"<p>El Ayuntamiento de Cunit, en colaboraci\u00f3n con la plataforma CortoEspa\u00f1a, pone en marcha un ciclo<br \/>\nde cortometrajes que, el pr\u00f3ximo 25 de abril, permitir\u00e1 el visionado de seis de los mejores trabajos a<br \/>\nnivel nacional, todos ellos dirigidos por mujeres.<br \/>\nSe trata de seis cortometrajes con un gran&hellip;  <a href=\"https:\/\/agora.xtec.cat\/sesernestlluch-cunit\/general\/ciclo-de-cortos-para-fomentar-la-igualdad-de-genero\/\" title=\"Read Ciclo de cortos para fomentar la igualdad de g\u00e9nero\">Llegeix m\u00e9s\u00bb<\/a><\/p>\n","protected":false},"author":144,"featured_media":9951,"comment_status":"open","ping_status":"closed","sticky":false,"template":"","format":"standard","meta":{"_bbp_topic_count":0,"_bbp_reply_count":0,"_bbp_total_topic_count":0,"_bbp_total_reply_count":0,"_bbp_voice_count":0,"_bbp_anonymous_reply_count":0,"_bbp_topic_count_hidden":0,"_bbp_reply_count_hidden":0,"_bbp_forum_subforum_count":0,"footnotes":""},"categories":[8,1,118,29],"tags":[],"class_list":["post-9950","post","type-post","status-publish","format-standard","has-post-thumbnail","hentry","category-batxillerat","category-general","category-perruqueria","category-portada"],"post_mailing_queue_ids":[],"_links":{"self":[{"href":"https:\/\/agora.xtec.cat\/sesernestlluch-cunit\/wp-json\/wp\/v2\/posts\/9950","targetHints":{"allow":["GET"]}}],"collection":[{"href":"https:\/\/agora.xtec.cat\/sesernestlluch-cunit\/wp-json\/wp\/v2\/posts"}],"about":[{"href":"https:\/\/agora.xtec.cat\/sesernestlluch-cunit\/wp-json\/wp\/v2\/types\/post"}],"author":[{"embeddable":true,"href":"https:\/\/agora.xtec.cat\/sesernestlluch-cunit\/wp-json\/wp\/v2\/users\/144"}],"replies":[{"embeddable":true,"href":"https:\/\/agora.xtec.cat\/sesernestlluch-cunit\/wp-json\/wp\/v2\/comments?post=9950"}],"version-history":[{"count":1,"href":"https:\/\/agora.xtec.cat\/sesernestlluch-cunit\/wp-json\/wp\/v2\/posts\/9950\/revisions"}],"predecessor-version":[{"id":9953,"href":"https:\/\/agora.xtec.cat\/sesernestlluch-cunit\/wp-json\/wp\/v2\/posts\/9950\/revisions\/9953"}],"wp:featuredmedia":[{"embeddable":true,"href":"https:\/\/agora.xtec.cat\/sesernestlluch-cunit\/wp-json\/wp\/v2\/media\/9951"}],"wp:attachment":[{"href":"https:\/\/agora.xtec.cat\/sesernestlluch-cunit\/wp-json\/wp\/v2\/media?parent=9950"}],"wp:term":[{"taxonomy":"category","embeddable":true,"href":"https:\/\/agora.xtec.cat\/sesernestlluch-cunit\/wp-json\/wp\/v2\/categories?post=9950"},{"taxonomy":"post_tag","embeddable":true,"href":"https:\/\/agora.xtec.cat\/sesernestlluch-cunit\/wp-json\/wp\/v2\/tags?post=9950"}],"curies":[{"name":"wp","href":"https:\/\/api.w.org\/{rel}","templated":true}]}}