{"id":9903,"date":"2025-04-01T10:45:15","date_gmt":"2025-04-01T08:45:15","guid":{"rendered":"https:\/\/agora.xtec.cat\/sesernestlluch-cunit\/?p=9903"},"modified":"2025-04-01T10:45:39","modified_gmt":"2025-04-01T08:45:39","slug":"diumenge-4-de-maig-iii-edicio-de-la-cursa-calafell-cunit","status":"publish","type":"post","link":"https:\/\/agora.xtec.cat\/sesernestlluch-cunit\/general\/diumenge-4-de-maig-iii-edicio-de-la-cursa-calafell-cunit\/","title":{"rendered":"Diumenge 4 de maig &#8211; III edici\u00f3 de la Cursa Calafell-Cunit"},"content":{"rendered":"<p style=\"font-weight: 400;\">Despr\u00e9s de l\u2019\u00e8xit de participaci\u00f3 de les dues anteriors edicions, es presenta una nova oportunitat de gaudir en fam\u00edlia de l\u2019esport amb la celebraci\u00f3 de la III Cursa Calafell-Cunit. La cursa ser\u00e0 el 4 de maig de 2025, amb 4 circuits diferenciats pel Passeig Mar\u00edtim de Cunit i de Segur de Calafell.<\/p>\n<p style=\"font-weight: 400;\">La\u00a0<strong>SORTIDA\u00a0<\/strong>en aquesta tercera edici\u00f3 est\u00e0 situada al \u00a0<strong>PORT DE SEGUR DE CALAFELL.<\/strong><\/p>\n<p style=\"font-weight: 400;\"><strong>MODALITATS:<\/strong><\/p>\n<ul>\n<li style=\"font-weight: 400;\">9 h \u2013 5 i 10 km\u00a0<strong>CAMINADA I MARXA N\u00d2RDICA<\/strong>.<\/li>\n<li style=\"font-weight: 400;\">10:45 h \u2013\u00a0<strong>CURSES ESCOLARS,\u00a0de 3 a 14 anys.<\/strong><\/li>\n<li style=\"font-weight: 400;\">12 h \u2013\u00a0 5 i 10 km\u00a0<strong>CURSA ADULTS<\/strong>. A partir dels 14 anys.<\/li>\n<\/ul>\n<p style=\"font-weight: 400;\">Les\u00a0<strong>INSCRIPCIONS<\/strong>\u00a0 ja estan obertes a la Regidoria d\u2019Esports de Calafell, a la Regidoria d\u2019Esports de Cunit (CEM Els Joncs) i a\u00a0<a href=\"https:\/\/www.athleticevents.net\/cursa\/iii-cursa-calafell-cunit-2025-494\" data-saferedirecturl=\"https:\/\/www.google.com\/url?q=https:\/\/www.athleticevents.net\/cursa\/iii-cursa-calafell-cunit-2025-494&amp;source=gmail&amp;ust=1743582733427000&amp;usg=AOvVaw08a0WzydehLm-9OjJFqEJC\">athleticevents.net<\/a><\/p>\n<p style=\"font-weight: 400;\">Es donaran trofeus als primers classificats de totes les curses aix\u00ed com medalles per a tots els escolars fins a 14 anys i samarreta t\u00e8cnica i avituallament per a tots els participants.<\/p>\n<p style=\"font-weight: 400;\">Per a m\u00e9s informaci\u00f3 i inscripcions online:<\/p>\n<p style=\"font-weight: 400;\"><a href=\"https:\/\/www.athleticevents.net\/cursa\/iii-cursa-calafell-cunit-2025-494\" data-saferedirecturl=\"https:\/\/www.google.com\/url?q=https:\/\/www.athleticevents.net\/cursa\/iii-cursa-calafell-cunit-2025-494&amp;source=gmail&amp;ust=1743582733427000&amp;usg=AOvVaw08a0WzydehLm-9OjJFqEJC\">https:\/\/www.athleticevents.net\/cursa\/iii-cursa-calafell-cunit-2025-494<\/a><\/p>\n<p><a href=\"https:\/\/agora.xtec.cat\/sesernestlluch-cunit\/wp-content\/uploads\/usu1679\/2025\/04\/Cartell-Cursa-Calafell_Cunit-2025_page-0001-scaled.jpg\"><img loading=\"lazy\" decoding=\"async\" class=\"alignnone size-large wp-image-9906\" src=\"https:\/\/agora.xtec.cat\/sesernestlluch-cunit\/wp-content\/uploads\/usu1679\/2025\/04\/Cartell-Cursa-Calafell_Cunit-2025_page-0001-724x1024.jpg\" alt=\"\" width=\"724\" height=\"1024\" \/><\/a><\/p>\n<p><a href=\"https:\/\/agora.xtec.cat\/sesernestlluch-cunit\/wp-content\/uploads\/usu1679\/2025\/04\/Recorregut-Cursa-Calafell_Cunit-2025_page-0001-scaled.jpg\"><img loading=\"lazy\" decoding=\"async\" class=\"alignnone size-large wp-image-9905\" src=\"https:\/\/agora.xtec.cat\/sesernestlluch-cunit\/wp-content\/uploads\/usu1679\/2025\/04\/Recorregut-Cursa-Calafell_Cunit-2025_page-0001-1024x724.jpg\" alt=\"\" width=\"1024\" height=\"724\" srcset=\"https:\/\/agora.xtec.cat\/sesernestlluch-cunit\/wp-content\/uploads\/usu1679\/2025\/04\/Recorregut-Cursa-Calafell_Cunit-2025_page-0001-1024x724.jpg 1024w, https:\/\/agora.xtec.cat\/sesernestlluch-cunit\/wp-content\/uploads\/usu1679\/2025\/04\/Recorregut-Cursa-Calafell_Cunit-2025_page-0001-300x212.jpg 300w, https:\/\/agora.xtec.cat\/sesernestlluch-cunit\/wp-content\/uploads\/usu1679\/2025\/04\/Recorregut-Cursa-Calafell_Cunit-2025_page-0001-768x543.jpg 768w, https:\/\/agora.xtec.cat\/sesernestlluch-cunit\/wp-content\/uploads\/usu1679\/2025\/04\/Recorregut-Cursa-Calafell_Cunit-2025_page-0001-1536x1086.jpg 1536w, https:\/\/agora.xtec.cat\/sesernestlluch-cunit\/wp-content\/uploads\/usu1679\/2025\/04\/Recorregut-Cursa-Calafell_Cunit-2025_page-0001-2048x1448.jpg 2048w\" sizes=\"auto, (max-width: 1024px) 100vw, 1024px\" \/><\/a><\/p>\n<p><!--a=1--><!--a=1--><\/p>\n<p><!--a=1--><\/p>\n","protected":false},"excerpt":{"rendered":"<p>Despr\u00e9s de l\u2019\u00e8xit de participaci\u00f3 de les dues anteriors edicions, es presenta una nova oportunitat de gaudir en fam\u00edlia de l\u2019esport amb la celebraci\u00f3 de la III Cursa Calafell-Cunit. La cursa ser\u00e0 el 4 de maig de 2025, amb 4 circuits diferenciats pel Passeig Mar\u00edtim&hellip;  <a href=\"https:\/\/agora.xtec.cat\/sesernestlluch-cunit\/general\/diumenge-4-de-maig-iii-edicio-de-la-cursa-calafell-cunit\/\" title=\"Read Diumenge 4 de maig &#8211; III edici\u00f3 de la Cursa Calafell-Cunit\">Llegeix m\u00e9s\u00bb<\/a><\/p>\n","protected":false},"author":144,"featured_media":9906,"comment_status":"open","ping_status":"closed","sticky":false,"template":"","format":"standard","meta":{"_bbp_topic_count":0,"_bbp_reply_count":0,"_bbp_total_topic_count":0,"_bbp_total_reply_count":0,"_bbp_voice_count":0,"_bbp_anonymous_reply_count":0,"_bbp_topic_count_hidden":0,"_bbp_reply_count_hidden":0,"_bbp_forum_subforum_count":0,"footnotes":""},"categories":[1,29],"tags":[],"class_list":["post-9903","post","type-post","status-publish","format-standard","has-post-thumbnail","hentry","category-general","category-portada"],"post_mailing_queue_ids":[],"_links":{"self":[{"href":"https:\/\/agora.xtec.cat\/sesernestlluch-cunit\/wp-json\/wp\/v2\/posts\/9903","targetHints":{"allow":["GET"]}}],"collection":[{"href":"https:\/\/agora.xtec.cat\/sesernestlluch-cunit\/wp-json\/wp\/v2\/posts"}],"about":[{"href":"https:\/\/agora.xtec.cat\/sesernestlluch-cunit\/wp-json\/wp\/v2\/types\/post"}],"author":[{"embeddable":true,"href":"https:\/\/agora.xtec.cat\/sesernestlluch-cunit\/wp-json\/wp\/v2\/users\/144"}],"replies":[{"embeddable":true,"href":"https:\/\/agora.xtec.cat\/sesernestlluch-cunit\/wp-json\/wp\/v2\/comments?post=9903"}],"version-history":[{"count":2,"href":"https:\/\/agora.xtec.cat\/sesernestlluch-cunit\/wp-json\/wp\/v2\/posts\/9903\/revisions"}],"predecessor-version":[{"id":9908,"href":"https:\/\/agora.xtec.cat\/sesernestlluch-cunit\/wp-json\/wp\/v2\/posts\/9903\/revisions\/9908"}],"wp:featuredmedia":[{"embeddable":true,"href":"https:\/\/agora.xtec.cat\/sesernestlluch-cunit\/wp-json\/wp\/v2\/media\/9906"}],"wp:attachment":[{"href":"https:\/\/agora.xtec.cat\/sesernestlluch-cunit\/wp-json\/wp\/v2\/media?parent=9903"}],"wp:term":[{"taxonomy":"category","embeddable":true,"href":"https:\/\/agora.xtec.cat\/sesernestlluch-cunit\/wp-json\/wp\/v2\/categories?post=9903"},{"taxonomy":"post_tag","embeddable":true,"href":"https:\/\/agora.xtec.cat\/sesernestlluch-cunit\/wp-json\/wp\/v2\/tags?post=9903"}],"curies":[{"name":"wp","href":"https:\/\/api.w.org\/{rel}","templated":true}]}}