{"id":10479,"date":"2026-03-10T11:10:47","date_gmt":"2026-03-10T10:10:47","guid":{"rendered":"https:\/\/agora.xtec.cat\/sesernestlluch-cunit\/?p=10479"},"modified":"2026-03-10T11:10:47","modified_gmt":"2026-03-10T10:10:47","slug":"jornada-cultural-2","status":"publish","type":"post","link":"https:\/\/agora.xtec.cat\/sesernestlluch-cunit\/general\/jornada-cultural-2\/","title":{"rendered":"Jornada Cultural"},"content":{"rendered":"<div>Benvolguts i benvolgudes alumnes,<\/div>\n<div>\nUs informem que la jornada cultural aquest any es far\u00e0 el divendres 27\u00a0de mar\u00e7. Aquest dia podreu gaudir d&#8217;una jornada especial i divertida a l&#8217;institut realitzant molts tallers diferents.<\/div>\n<div><\/div>\n<div>Per poder organitzar-ho amb temps, heu d&#8217;omplir el formulari amb els tallers que m\u00e9s us agradin. Heu d&#8217;escollir 10 tallers en total, dels quals us assignarem 5.<\/div>\n<div><\/div>\n<div>Per poder fer-ho, \u00e9s obligatori entrar amb el correu de l&#8217;institut, si no ho heu fet, tanqueu la sessi\u00f3 i torneu a iniciar-la. Recordeu que abans de confirmar les vostres prefer\u00e8ncies, podreu revisar-les i modificar-les. No obstant aix\u00f2, una vegada confirmades, no es podran modificar, sense cap excepci\u00f3.<\/div>\n<div><\/div>\n<div>Intentarem respectar les vostres prefer\u00e8ncies, per\u00f2 tamb\u00e9 \u00e9s possible que alguns siguin assignats aleat\u00f2riament, si els tallers escollits no estan disponibles.<\/div>\n<div><\/div>\n<div>Entra aqu\u00ed per triar prefer\u00e8ncies<\/div>\n<div><\/div>\n<div>Moltes gr\u00e0cies,<\/div>\n<div>Institut Ernest Lluch i Mart\u00edn<\/div>\n<div><\/div>\n<div><b>Enlla\u00e7 a la presentaci\u00f3 de tallers:<\/b>\u00a0<a href=\"https:\/\/www.canva.com\/design\/DAHDEC1VL8E\/kpL4hUcjS0IT9A6v9rbmkw\/view?utm_content=DAHDEC1VL8E&amp;utm_campaign=designshare&amp;utm_medium=link2&amp;utm_source=uniquelinks&amp;utlId=h933247790e\" target=\"_blank\" rel=\"noopener\" data-saferedirecturl=\"https:\/\/www.google.com\/url?q=https:\/\/www.canva.com\/design\/DAHDEC1VL8E\/kpL4hUcjS0IT9A6v9rbmkw\/view?utm_content%3DDAHDEC1VL8E%26utm_campaign%3Ddesignshare%26utm_medium%3Dlink2%26utm_source%3Duniquelinks%26utlId%3Dh933247790e&amp;source=gmail&amp;ust=1773223686896000&amp;usg=AOvVaw2m9GPB-pTHhcqXQBmQK0de\">https:\/\/www.canva.<wbr \/>com\/design\/DAHDEC1VL8E\/<wbr \/>kpL4hUcjS0IT9A6v9rbmkw\/view?<wbr \/>utm_content=DAHDEC1VL8E&amp;utm_<wbr \/>campaign=designshare&amp;utm_<wbr \/>medium=link2&amp;utm_source=<wbr \/>uniquelinks&amp;utlId=h933247790e<\/a><\/div>\n<div><b>Enlla\u00e7 al formulari de prefer\u00e8ncies:<\/b>\u00a0<a href=\"https:\/\/script.google.com\/a\/macros\/iernestlluch.cat\/s\/AKfycbwlxo2NtbNSIqvpuVN_wWs_ZQGZUaaRKe6aThJYYzdOEpHIeMzA_PywkuoqiKfh3VF7_A\/exec\" target=\"_blank\" rel=\"noopener\" data-saferedirecturl=\"https:\/\/www.google.com\/url?q=https:\/\/script.google.com\/a\/macros\/iernestlluch.cat\/s\/AKfycbwlxo2NtbNSIqvpuVN_wWs_ZQGZUaaRKe6aThJYYzdOEpHIeMzA_PywkuoqiKfh3VF7_A\/exec&amp;source=gmail&amp;ust=1773223686896000&amp;usg=AOvVaw0wy--VmKJqPXXCCCJLjFAk\">https:\/\/script.<wbr \/>google.com\/a\/macros\/<wbr \/>iernestlluch.cat\/s\/<wbr \/>AKfycbwlxo2NtbNSIqvpuVN_wWs_<wbr \/>ZQGZUaaRKe6aThJYYzdOEpHIeMzA_<wbr \/>PywkuoqiKfh3VF7_A\/exec<\/a><\/div>\n<div><\/div>\n","protected":false},"excerpt":{"rendered":"<p>Benvolguts i benvolgudes alumnes,<\/p>\n<p>Us informem que la jornada cultural aquest any es far\u00e0 el divendres 27\u00a0de mar\u00e7. Aquest dia podreu gaudir d&#8217;una jornada especial i divertida a l&#8217;institut realitzant molts tallers diferents.<\/p>\n<p>Per poder organitzar-ho amb temps, heu d&#8217;omplir el formulari amb els tallers que m\u00e9s&hellip;  <a href=\"https:\/\/agora.xtec.cat\/sesernestlluch-cunit\/general\/jornada-cultural-2\/\" title=\"Read Jornada Cultural\">Llegeix m\u00e9s\u00bb<\/a><\/p>\n","protected":false},"author":144,"featured_media":0,"comment_status":"open","ping_status":"open","sticky":false,"template":"","format":"standard","meta":{"_bbp_topic_count":0,"_bbp_reply_count":0,"_bbp_total_topic_count":0,"_bbp_total_reply_count":0,"_bbp_voice_count":0,"_bbp_anonymous_reply_count":0,"_bbp_topic_count_hidden":0,"_bbp_reply_count_hidden":0,"_bbp_forum_subforum_count":0,"footnotes":""},"categories":[1,29],"tags":[],"class_list":["post-10479","post","type-post","status-publish","format-standard","hentry","category-general","category-portada"],"post_mailing_queue_ids":[],"_links":{"self":[{"href":"https:\/\/agora.xtec.cat\/sesernestlluch-cunit\/wp-json\/wp\/v2\/posts\/10479","targetHints":{"allow":["GET"]}}],"collection":[{"href":"https:\/\/agora.xtec.cat\/sesernestlluch-cunit\/wp-json\/wp\/v2\/posts"}],"about":[{"href":"https:\/\/agora.xtec.cat\/sesernestlluch-cunit\/wp-json\/wp\/v2\/types\/post"}],"author":[{"embeddable":true,"href":"https:\/\/agora.xtec.cat\/sesernestlluch-cunit\/wp-json\/wp\/v2\/users\/144"}],"replies":[{"embeddable":true,"href":"https:\/\/agora.xtec.cat\/sesernestlluch-cunit\/wp-json\/wp\/v2\/comments?post=10479"}],"version-history":[{"count":1,"href":"https:\/\/agora.xtec.cat\/sesernestlluch-cunit\/wp-json\/wp\/v2\/posts\/10479\/revisions"}],"predecessor-version":[{"id":10480,"href":"https:\/\/agora.xtec.cat\/sesernestlluch-cunit\/wp-json\/wp\/v2\/posts\/10479\/revisions\/10480"}],"wp:attachment":[{"href":"https:\/\/agora.xtec.cat\/sesernestlluch-cunit\/wp-json\/wp\/v2\/media?parent=10479"}],"wp:term":[{"taxonomy":"category","embeddable":true,"href":"https:\/\/agora.xtec.cat\/sesernestlluch-cunit\/wp-json\/wp\/v2\/categories?post=10479"},{"taxonomy":"post_tag","embeddable":true,"href":"https:\/\/agora.xtec.cat\/sesernestlluch-cunit\/wp-json\/wp\/v2\/tags?post=10479"}],"curies":[{"name":"wp","href":"https:\/\/api.w.org\/{rel}","templated":true}]}}