{"id":5549,"date":"2026-04-16T09:31:06","date_gmt":"2026-04-16T07:31:06","guid":{"rendered":"https:\/\/agora.xtec.cat\/sescollbato\/?p=5549"},"modified":"2026-04-16T09:31:06","modified_gmt":"2026-04-16T07:31:06","slug":"convivencia-i-orientacio-els-grups-pfi-de-collbato-i-desparreguera-junts-a-odena-village","status":"publish","type":"post","link":"https:\/\/agora.xtec.cat\/sescollbato\/general\/convivencia-i-orientacio-els-grups-pfi-de-collbato-i-desparreguera-junts-a-odena-village\/","title":{"rendered":"Conviv\u00e8ncia i orientaci\u00f3: els grups PFI de Collbat\u00f3 i d\u2019Esparreguera junts a \u00d2dena Village."},"content":{"rendered":"<p style=\"text-align: justify;\"><span style=\"font-weight: 400;\">El dilluns 13 d\u2019abril, els alumnes del PFI del nostre institut van participar en una jornada l\u00fadica a \u00d2dena Village, juntament amb els grups PFI dels instituts El Cairat i El Castell d\u2019Esparreguera. <\/span><span style=\"font-weight: 400;\"><br \/>\n<\/span><span style=\"font-weight: 400;\"><br \/>\n<\/span><span style=\"font-weight: 400;\">L\u2019activitat principal va consistir en un circuit d\u2019orientaci\u00f3 a la natura, amb l\u2019objectiu de promoure l\u2019activitat f\u00edsica i desenvolupar diverses habilitats personals i socials. Organitzats en equips, els participants van posar en pr\u00e0ctica la seva capacitat d\u2019orientaci\u00f3 utilitzant mapes per localitzar diferents fites, seguint coordenades i refer\u00e8ncies del terreny.\u00a0<\/span><\/p>\n<p style=\"text-align: justify;\"><span style=\"font-weight: 400;\">En cada punt del recorregut, havien de confirmar el seu pas, fet que va afegir un component extra de motivaci\u00f3 al repte. L\u2019experi\u00e8ncia va contribuir a refor\u00e7ar el vincle entre els alumnes dels diferents centres, alhora que va permetre desenvolupar compet\u00e8ncies clau com el treball en equip, la comunicaci\u00f3, la presa de decisions i la resoluci\u00f3 de problemes. <\/span><span style=\"font-weight: 400;\"><br \/>\n<\/span><span style=\"font-weight: 400;\"><br \/>\n<\/span><span style=\"font-weight: 400;\">La jornada va combinar esport, natura i aprenentatge en un entorn privilegiat, tot promovent el respecte pel medi ambient i el gaudi d\u2019un espai natural singular.\u00a0<\/span><\/p>\n<p style=\"text-align: justify;\"><a href=\"https:\/\/agora.xtec.cat\/sescollbato\/wp-content\/uploads\/usu225\/2026\/04\/Captura-de-pantalla-2026-04-16-092537.png\"><img loading=\"lazy\" decoding=\"async\" class=\"aligncenter size-large wp-image-5550\" src=\"https:\/\/agora.xtec.cat\/sescollbato\/wp-content\/uploads\/usu225\/2026\/04\/Captura-de-pantalla-2026-04-16-092537-1024x488.png\" alt=\"\" width=\"1024\" height=\"488\" srcset=\"https:\/\/agora.xtec.cat\/sescollbato\/wp-content\/uploads\/usu225\/2026\/04\/Captura-de-pantalla-2026-04-16-092537-1024x488.png 1024w, https:\/\/agora.xtec.cat\/sescollbato\/wp-content\/uploads\/usu225\/2026\/04\/Captura-de-pantalla-2026-04-16-092537-300x143.png 300w, https:\/\/agora.xtec.cat\/sescollbato\/wp-content\/uploads\/usu225\/2026\/04\/Captura-de-pantalla-2026-04-16-092537-768x366.png 768w, https:\/\/agora.xtec.cat\/sescollbato\/wp-content\/uploads\/usu225\/2026\/04\/Captura-de-pantalla-2026-04-16-092537.png 1289w\" sizes=\"auto, (max-width: 1024px) 100vw, 1024px\" \/><\/a><\/p>\n","protected":false},"excerpt":{"rendered":"<p>El dilluns 13 d\u2019abril, els alumnes del PFI del nostre institut van participar en una jornada l\u00fadica a \u00d2dena Village, juntament amb els grups PFI dels instituts El Cairat i El Castell d\u2019Esparreguera. <\/p>\n<p>L\u2019activitat principal va consistir en un circuit d\u2019orientaci\u00f3 a la natura, amb&hellip;  <a href=\"https:\/\/agora.xtec.cat\/sescollbato\/general\/convivencia-i-orientacio-els-grups-pfi-de-collbato-i-desparreguera-junts-a-odena-village\/\" title=\"Read Conviv\u00e8ncia i orientaci\u00f3: els grups PFI de Collbat\u00f3 i d\u2019Esparreguera junts a \u00d2dena Village.\">Llegeix m\u00e9s\u00bb<\/a><\/p>\n","protected":false},"author":1,"featured_media":5551,"comment_status":"closed","ping_status":"open","sticky":false,"template":"","format":"standard","meta":{"_bbp_topic_count":0,"_bbp_reply_count":0,"_bbp_total_topic_count":0,"_bbp_total_reply_count":0,"_bbp_voice_count":0,"_bbp_anonymous_reply_count":0,"_bbp_topic_count_hidden":0,"_bbp_reply_count_hidden":0,"_bbp_forum_subforum_count":0,"footnotes":""},"categories":[1,29],"tags":[],"class_list":["post-5549","post","type-post","status-publish","format-standard","has-post-thumbnail","hentry","category-general","category-portada"],"post_mailing_queue_ids":[],"_links":{"self":[{"href":"https:\/\/agora.xtec.cat\/sescollbato\/wp-json\/wp\/v2\/posts\/5549","targetHints":{"allow":["GET"]}}],"collection":[{"href":"https:\/\/agora.xtec.cat\/sescollbato\/wp-json\/wp\/v2\/posts"}],"about":[{"href":"https:\/\/agora.xtec.cat\/sescollbato\/wp-json\/wp\/v2\/types\/post"}],"author":[{"embeddable":true,"href":"https:\/\/agora.xtec.cat\/sescollbato\/wp-json\/wp\/v2\/users\/1"}],"replies":[{"embeddable":true,"href":"https:\/\/agora.xtec.cat\/sescollbato\/wp-json\/wp\/v2\/comments?post=5549"}],"version-history":[{"count":1,"href":"https:\/\/agora.xtec.cat\/sescollbato\/wp-json\/wp\/v2\/posts\/5549\/revisions"}],"predecessor-version":[{"id":5552,"href":"https:\/\/agora.xtec.cat\/sescollbato\/wp-json\/wp\/v2\/posts\/5549\/revisions\/5552"}],"wp:featuredmedia":[{"embeddable":true,"href":"https:\/\/agora.xtec.cat\/sescollbato\/wp-json\/wp\/v2\/media\/5551"}],"wp:attachment":[{"href":"https:\/\/agora.xtec.cat\/sescollbato\/wp-json\/wp\/v2\/media?parent=5549"}],"wp:term":[{"taxonomy":"category","embeddable":true,"href":"https:\/\/agora.xtec.cat\/sescollbato\/wp-json\/wp\/v2\/categories?post=5549"},{"taxonomy":"post_tag","embeddable":true,"href":"https:\/\/agora.xtec.cat\/sescollbato\/wp-json\/wp\/v2\/tags?post=5549"}],"curies":[{"name":"wp","href":"https:\/\/api.w.org\/{rel}","templated":true}]}}