{"id":5543,"date":"2026-04-16T09:21:45","date_gmt":"2026-04-16T07:21:45","guid":{"rendered":"https:\/\/agora.xtec.cat\/sescollbato\/?p=5543"},"modified":"2026-04-16T09:23:31","modified_gmt":"2026-04-16T07:23:31","slug":"projecte-dissenyem-la-nostra-escultura-3r-eso","status":"publish","type":"post","link":"https:\/\/agora.xtec.cat\/sescollbato\/general\/projecte-dissenyem-la-nostra-escultura-3r-eso\/","title":{"rendered":"Projecte &#8220;Dissenyem la nostra escultura&#8221; (3r ESO)"},"content":{"rendered":"<p style=\"text-align: justify;\" data-start=\"186\" data-end=\"327\">L\u2019inici del tercer trimestre a l\u2019assignatura de Matem\u00e0tiques de 3r d\u2019ESO ha estat protagonitzat pel projecte \u201cDissenyem la nostra escultura\u201d.<\/p>\n<p style=\"text-align: justify;\" data-start=\"329\" data-end=\"683\">Aquest projecte ens ha perm\u00e8s treballar la geometria des d\u2019una visi\u00f3 diferent. Sense deixar de banda els coneixements te\u00f2rics, i allunyant-nos d\u2019altres enfocaments m\u00e9s pr\u00e0ctics, l\u2019alumnat del nostre centre s\u2019ha apropat a aquesta disciplina des de la mirada de l\u2019artista, tot observant l\u2019estreta relaci\u00f3 que sovint existeix entre l\u2019art i les matem\u00e0tiques.<\/p>\n<p style=\"text-align: justify;\" data-start=\"685\" data-end=\"892\">L\u2019experi\u00e8ncia ha comen\u00e7at amb un estudi d\u2019artistes que han fet (i fan) servir la geometria com a base del seu art, i ha culminat amb la creaci\u00f3, en grups de tres, d\u2019una proposta escult\u00f2rica dissenyada en 3D.<\/p>\n<p style=\"text-align: justify;\" data-start=\"894\" data-end=\"1237\">Aix\u00f2 ha perm\u00e8s que l\u2019alumnat aprofund\u00eds en la geometria i en el proc\u00e9s de creaci\u00f3 art\u00edstica, aix\u00ed com experimentar com aquestes dues disciplines poden interactuar i generar sinergies molt notables. El resultat ha estat tan interessant que tres alumnes es van animar a dur a terme el seu projecte en maqueta f\u00edsica. I aqu\u00ed en tenim el resultat.<\/p>\n<p style=\"text-align: justify;\" data-start=\"1239\" data-end=\"1773\">L\u2019obra es titula <em data-start=\"1256\" data-end=\"1274\">La Nova Atlantis<\/em> i, tal com expliquen els seus autors (Pau Franch, Ona Monner i Mart\u00ed Pons): \u201cAmb el nostre t\u00edtol volem expressar un dels grans misteris del m\u00f3n mar\u00ed: la ciutat perduda de l\u2019Atl\u00e0ntida. Hem pres com a refer\u00e8ncia per a la nostra escultura el tipus de cases que hi havia i, al centre, hi hem situat un rombe (octaedre) que simbolitza un diamant, representant la civilitzaci\u00f3 tan avan\u00e7ada que hi havia en aquell lloc. Tamb\u00e9 hi hem incorporat cinc cercles centrals, inspirats en la forma de la ciutat.\u201d<\/p>\n<p style=\"text-align: justify;\" data-start=\"1775\" data-end=\"1826\">\u201cLa geometria \u00e9s el llenguatge de l\u2019\u00e0nima.\u201d \u2014 Plat\u00f3<\/p>\n<p><a href=\"https:\/\/agora.xtec.cat\/sescollbato\/wp-content\/uploads\/usu225\/2026\/04\/web_1_mat.jpg\"><img loading=\"lazy\" decoding=\"async\" class=\"aligncenter size-large wp-image-5544\" src=\"https:\/\/agora.xtec.cat\/sescollbato\/wp-content\/uploads\/usu225\/2026\/04\/web_1_mat-1024x771.jpg\" alt=\"\" width=\"1024\" height=\"771\" srcset=\"https:\/\/agora.xtec.cat\/sescollbato\/wp-content\/uploads\/usu225\/2026\/04\/web_1_mat-1024x771.jpg 1024w, https:\/\/agora.xtec.cat\/sescollbato\/wp-content\/uploads\/usu225\/2026\/04\/web_1_mat-300x226.jpg 300w, https:\/\/agora.xtec.cat\/sescollbato\/wp-content\/uploads\/usu225\/2026\/04\/web_1_mat-768x578.jpg 768w, https:\/\/agora.xtec.cat\/sescollbato\/wp-content\/uploads\/usu225\/2026\/04\/web_1_mat-200x150.jpg 200w, https:\/\/agora.xtec.cat\/sescollbato\/wp-content\/uploads\/usu225\/2026\/04\/web_1_mat.jpg 1280w\" sizes=\"auto, (max-width: 1024px) 100vw, 1024px\" \/><\/a> <a href=\"https:\/\/agora.xtec.cat\/sescollbato\/wp-content\/uploads\/usu225\/2026\/04\/web_2_mat.jpg\"><img loading=\"lazy\" decoding=\"async\" class=\"aligncenter size-large wp-image-5545\" src=\"https:\/\/agora.xtec.cat\/sescollbato\/wp-content\/uploads\/usu225\/2026\/04\/web_2_mat-771x1024.jpg\" alt=\"\" width=\"771\" height=\"1024\" srcset=\"https:\/\/agora.xtec.cat\/sescollbato\/wp-content\/uploads\/usu225\/2026\/04\/web_2_mat-771x1024.jpg 771w, https:\/\/agora.xtec.cat\/sescollbato\/wp-content\/uploads\/usu225\/2026\/04\/web_2_mat-226x300.jpg 226w, https:\/\/agora.xtec.cat\/sescollbato\/wp-content\/uploads\/usu225\/2026\/04\/web_2_mat-768x1020.jpg 768w, https:\/\/agora.xtec.cat\/sescollbato\/wp-content\/uploads\/usu225\/2026\/04\/web_2_mat.jpg 964w\" sizes=\"auto, (max-width: 771px) 100vw, 771px\" \/><\/a><\/p>\n<p data-start=\"1775\" data-end=\"1826\">\n","protected":false},"excerpt":{"rendered":"<p>L\u2019inici del tercer trimestre a l\u2019assignatura de Matem\u00e0tiques de 3r d\u2019ESO ha estat protagonitzat pel projecte \u201cDissenyem la nostra escultura\u201d.<br \/>\nAquest projecte ens ha perm\u00e8s treballar la geometria des d\u2019una visi\u00f3 diferent. Sense deixar de banda els coneixements te\u00f2rics, i allunyant-nos d\u2019altres enfocaments m\u00e9s pr\u00e0ctics, l\u2019alumnat&hellip;  <a href=\"https:\/\/agora.xtec.cat\/sescollbato\/general\/projecte-dissenyem-la-nostra-escultura-3r-eso\/\" title=\"Read Projecte &#8220;Dissenyem la nostra escultura&#8221; (3r ESO)\">Llegeix m\u00e9s\u00bb<\/a><\/p>\n","protected":false},"author":1,"featured_media":5546,"comment_status":"closed","ping_status":"open","sticky":false,"template":"","format":"standard","meta":{"_bbp_topic_count":0,"_bbp_reply_count":0,"_bbp_total_topic_count":0,"_bbp_total_reply_count":0,"_bbp_voice_count":0,"_bbp_anonymous_reply_count":0,"_bbp_topic_count_hidden":0,"_bbp_reply_count_hidden":0,"_bbp_forum_subforum_count":0,"footnotes":""},"categories":[1,29],"tags":[],"class_list":["post-5543","post","type-post","status-publish","format-standard","has-post-thumbnail","hentry","category-general","category-portada"],"post_mailing_queue_ids":[],"_links":{"self":[{"href":"https:\/\/agora.xtec.cat\/sescollbato\/wp-json\/wp\/v2\/posts\/5543","targetHints":{"allow":["GET"]}}],"collection":[{"href":"https:\/\/agora.xtec.cat\/sescollbato\/wp-json\/wp\/v2\/posts"}],"about":[{"href":"https:\/\/agora.xtec.cat\/sescollbato\/wp-json\/wp\/v2\/types\/post"}],"author":[{"embeddable":true,"href":"https:\/\/agora.xtec.cat\/sescollbato\/wp-json\/wp\/v2\/users\/1"}],"replies":[{"embeddable":true,"href":"https:\/\/agora.xtec.cat\/sescollbato\/wp-json\/wp\/v2\/comments?post=5543"}],"version-history":[{"count":2,"href":"https:\/\/agora.xtec.cat\/sescollbato\/wp-json\/wp\/v2\/posts\/5543\/revisions"}],"predecessor-version":[{"id":5548,"href":"https:\/\/agora.xtec.cat\/sescollbato\/wp-json\/wp\/v2\/posts\/5543\/revisions\/5548"}],"wp:featuredmedia":[{"embeddable":true,"href":"https:\/\/agora.xtec.cat\/sescollbato\/wp-json\/wp\/v2\/media\/5546"}],"wp:attachment":[{"href":"https:\/\/agora.xtec.cat\/sescollbato\/wp-json\/wp\/v2\/media?parent=5543"}],"wp:term":[{"taxonomy":"category","embeddable":true,"href":"https:\/\/agora.xtec.cat\/sescollbato\/wp-json\/wp\/v2\/categories?post=5543"},{"taxonomy":"post_tag","embeddable":true,"href":"https:\/\/agora.xtec.cat\/sescollbato\/wp-json\/wp\/v2\/tags?post=5543"}],"curies":[{"name":"wp","href":"https:\/\/api.w.org\/{rel}","templated":true}]}}