{"id":494,"date":"2016-02-25T18:17:09","date_gmt":"2016-02-25T17:17:09","guid":{"rendered":"http:\/\/agora.xtec.cat\/sescanet\/?p=494"},"modified":"2016-03-02T14:25:53","modified_gmt":"2016-03-02T13:25:53","slug":"el-seccanet-al-cicle-de-xerrades-dialegs-amb-laula-de-la-upf","status":"publish","type":"post","link":"https:\/\/agora.xtec.cat\/sescanet\/portada\/el-seccanet-al-cicle-de-xerrades-dialegs-amb-laula-de-la-upf\/","title":{"rendered":"Impartici\u00f3 d\u2019una m\u00e0ster-class a l\u2019alumnat del grau en Lleng\u00fces Aplicades de la Upf"},"content":{"rendered":"<p style=\"text-align: justify;\">Ser pluriling\u00fces \u00e9s un dels punts claus en les formacions acad\u00e8miques i universit\u00e0ries d\u2019avui en dia. Per aix\u00f2 el passat 23 de febrer, dos membres del nostre Equip Directiu, Sandra Ser\u00f3 i Carina Torres, van impartir una m\u00e0ster class adre\u00e7ada\u00a0 a l\u2019alumnat del grau en Lleng\u00fces Aplicades de la Universitat Pompeu Fabra, sota el t\u00edtol: \u201cEnfocament TILC com a agent de canvi en la pr\u00e0ctica docent\u201d. Aquesta pon\u00e8ncia forma part d\u2019un cicle de xerrades que estan tenint lloc a la Facultat de Traducci\u00f3 i Interpretaci\u00f3.<\/p>\n<p style=\"text-align: justify;\">\n","protected":false},"excerpt":{"rendered":"<p>Ser pluriling\u00fces \u00e9s un dels punts claus en les formacions acad\u00e8miques i universit\u00e0ries d\u2019avui en dia. Per aix\u00f2 el passat 23 de febrer, dos membres del nostre Equip Directiu, Sandra Ser\u00f3 i Carina Torres, van impartir una m\u00e0ster class adre\u00e7ada\u00a0 a l\u2019alumnat del grau en&hellip;  <a href=\"https:\/\/agora.xtec.cat\/sescanet\/portada\/el-seccanet-al-cicle-de-xerrades-dialegs-amb-laula-de-la-upf\/\" title=\"Read Impartici\u00f3 d\u2019una m\u00e0ster-class a l\u2019alumnat del grau en Lleng\u00fces Aplicades de la Upf\">Llegeix m\u00e9s\u00bb<\/a><\/p>\n","protected":false},"author":1,"featured_media":499,"comment_status":"open","ping_status":"open","sticky":false,"template":"","format":"standard","meta":{"_bbp_topic_count":0,"_bbp_reply_count":0,"_bbp_total_topic_count":0,"_bbp_total_reply_count":0,"_bbp_voice_count":0,"_bbp_anonymous_reply_count":0,"_bbp_topic_count_hidden":0,"_bbp_reply_count_hidden":0,"_bbp_forum_subforum_count":0,"footnotes":""},"categories":[29],"tags":[],"class_list":["post-494","post","type-post","status-publish","format-standard","has-post-thumbnail","hentry","category-portada"],"post_mailing_queue_ids":[],"_links":{"self":[{"href":"https:\/\/agora.xtec.cat\/sescanet\/wp-json\/wp\/v2\/posts\/494","targetHints":{"allow":["GET"]}}],"collection":[{"href":"https:\/\/agora.xtec.cat\/sescanet\/wp-json\/wp\/v2\/posts"}],"about":[{"href":"https:\/\/agora.xtec.cat\/sescanet\/wp-json\/wp\/v2\/types\/post"}],"author":[{"embeddable":true,"href":"https:\/\/agora.xtec.cat\/sescanet\/wp-json\/wp\/v2\/users\/1"}],"replies":[{"embeddable":true,"href":"https:\/\/agora.xtec.cat\/sescanet\/wp-json\/wp\/v2\/comments?post=494"}],"version-history":[{"count":3,"href":"https:\/\/agora.xtec.cat\/sescanet\/wp-json\/wp\/v2\/posts\/494\/revisions"}],"predecessor-version":[{"id":500,"href":"https:\/\/agora.xtec.cat\/sescanet\/wp-json\/wp\/v2\/posts\/494\/revisions\/500"}],"wp:featuredmedia":[{"embeddable":true,"href":"https:\/\/agora.xtec.cat\/sescanet\/wp-json\/wp\/v2\/media\/499"}],"wp:attachment":[{"href":"https:\/\/agora.xtec.cat\/sescanet\/wp-json\/wp\/v2\/media?parent=494"}],"wp:term":[{"taxonomy":"category","embeddable":true,"href":"https:\/\/agora.xtec.cat\/sescanet\/wp-json\/wp\/v2\/categories?post=494"},{"taxonomy":"post_tag","embeddable":true,"href":"https:\/\/agora.xtec.cat\/sescanet\/wp-json\/wp\/v2\/tags?post=494"}],"curies":[{"name":"wp","href":"https:\/\/api.w.org\/{rel}","templated":true}]}}