{"id":6194,"date":"2026-04-27T13:37:40","date_gmt":"2026-04-27T11:37:40","guid":{"rendered":"https:\/\/agora.xtec.cat\/sescaldesdemalavella\/?p=6194"},"modified":"2026-04-27T13:38:25","modified_gmt":"2026-04-27T11:38:25","slug":"sortida-a-nimes","status":"publish","type":"post","link":"https:\/\/agora.xtec.cat\/sescaldesdemalavella\/eso-cursos\/eso-3\/sortida-a-nimes\/","title":{"rendered":"Sortida a N\u00eemes"},"content":{"rendered":"\n<p>El passat 16 i 17 d&#8217;abril els alumnes de 3r i 4t de franc\u00e8s van gaudir d&#8217;una&nbsp;sortida de dos dies a la ciutat de N\u00eemes, on van poder descobrir alguns dels espais m\u00e9s emblem\u00e0tics de la ciutat. Durant l\u2019estada, van fer una visita guiada en franc\u00e8s a l&#8217;amfiteatre de les Arenes, a la hist\u00f2rica Maison Carr\u00e9e i als jardins de la Fontaine, una experi\u00e8ncia que els va permetre con\u00e8ixer el patrimoni de la ciutat mentre practicaven la llengua francesa en un context real.<\/p>\n\n\n\n<p>L\u2019\u00faltim dia, de tornada cap a casa, el grup es va aturar al Castell de Salses, on tamb\u00e9 van gaudir d\u2019una&nbsp;visita comentada. Els alumnes s\u2019ho van passar molt b\u00e9 durant tot el viatge i van aprofitar aquesta experi\u00e8ncia per posar en pr\u00e0ctica tot all\u00f2 que han apr\u00e8s a les classes de franc\u00e8s.<\/p>\n\n\n\n<p><\/p>\n\n\n\n<figure class=\"wp-block-image size-large\"><a href=\"https:\/\/agora.xtec.cat\/sescaldesdemalavella\/wp-content\/uploads\/usu736\/2026\/04\/20260417_135034.jpg\"><img loading=\"lazy\" decoding=\"async\" width=\"1024\" height=\"768\" src=\"https:\/\/agora.xtec.cat\/sescaldesdemalavella\/wp-content\/uploads\/usu736\/2026\/04\/20260417_135034-1024x768.jpg\" alt=\"\" class=\"wp-image-6197\" srcset=\"https:\/\/agora.xtec.cat\/sescaldesdemalavella\/wp-content\/uploads\/usu736\/2026\/04\/20260417_135034-1024x768.jpg 1024w, https:\/\/agora.xtec.cat\/sescaldesdemalavella\/wp-content\/uploads\/usu736\/2026\/04\/20260417_135034-300x225.jpg 300w, https:\/\/agora.xtec.cat\/sescaldesdemalavella\/wp-content\/uploads\/usu736\/2026\/04\/20260417_135034-768x576.jpg 768w, https:\/\/agora.xtec.cat\/sescaldesdemalavella\/wp-content\/uploads\/usu736\/2026\/04\/20260417_135034-1536x1152.jpg 1536w, https:\/\/agora.xtec.cat\/sescaldesdemalavella\/wp-content\/uploads\/usu736\/2026\/04\/20260417_135034.jpg 2000w\" sizes=\"auto, (max-width: 1024px) 100vw, 1024px\" \/><\/a><\/figure>\n","protected":false},"excerpt":{"rendered":"<p>El passat 16 i 17 d&#8217;abril els alumnes de 3r i 4t de franc\u00e8s van gaudir d&#8217;una\u00a0sortida de dos dies a la ciutat de N\u00eemes<\/p>\n","protected":false},"author":1,"featured_media":6195,"comment_status":"closed","ping_status":"open","sticky":false,"template":"","format":"standard","meta":{"_bbp_topic_count":0,"_bbp_reply_count":0,"_bbp_total_topic_count":0,"_bbp_total_reply_count":0,"_bbp_voice_count":0,"_bbp_anonymous_reply_count":0,"_bbp_topic_count_hidden":0,"_bbp_reply_count_hidden":0,"_bbp_forum_subforum_count":0,"site-sidebar-layout":"default","site-content-layout":"","ast-site-content-layout":"default","site-content-style":"default","site-sidebar-style":"default","ast-global-header-display":"","ast-banner-title-visibility":"","ast-main-header-display":"","ast-hfb-above-header-display":"","ast-hfb-below-header-display":"","ast-hfb-mobile-header-display":"","site-post-title":"","ast-breadcrumbs-content":"","ast-featured-img":"","footer-sml-layout":"","theme-transparent-header-meta":"","adv-header-id-meta":"","stick-header-meta":"","header-above-stick-meta":"","header-main-stick-meta":"","header-below-stick-meta":"","astra-migrate-meta-layouts":"set","ast-page-background-enabled":"default","ast-page-background-meta":{"desktop":{"background-color":"var(--ast-global-color-4)","background-image":"","background-repeat":"repeat","background-position":"center center","background-size":"auto","background-attachment":"scroll","background-type":"","background-media":"","overlay-type":"","overlay-color":"","overlay-opacity":"","overlay-gradient":""},"tablet":{"background-color":"","background-image":"","background-repeat":"repeat","background-position":"center center","background-size":"auto","background-attachment":"scroll","background-type":"","background-media":"","overlay-type":"","overlay-color":"","overlay-opacity":"","overlay-gradient":""},"mobile":{"background-color":"","background-image":"","background-repeat":"repeat","background-position":"center center","background-size":"auto","background-attachment":"scroll","background-type":"","background-media":"","overlay-type":"","overlay-color":"","overlay-opacity":"","overlay-gradient":""}},"ast-content-background-meta":{"desktop":{"background-color":"var(--ast-global-color-5)","background-image":"","background-repeat":"repeat","background-position":"center center","background-size":"auto","background-attachment":"scroll","background-type":"","background-media":"","overlay-type":"","overlay-color":"","overlay-opacity":"","overlay-gradient":""},"tablet":{"background-color":"var(--ast-global-color-5)","background-image":"","background-repeat":"repeat","background-position":"center center","background-size":"auto","background-attachment":"scroll","background-type":"","background-media":"","overlay-type":"","overlay-color":"","overlay-opacity":"","overlay-gradient":""},"mobile":{"background-color":"var(--ast-global-color-5)","background-image":"","background-repeat":"repeat","background-position":"center center","background-size":"auto","background-attachment":"scroll","background-type":"","background-media":"","overlay-type":"","overlay-color":"","overlay-opacity":"","overlay-gradient":""}},"footnotes":""},"categories":[6,7,139,29],"tags":[493,327,258,432,436,39],"class_list":["post-6194","post","type-post","status-publish","format-standard","has-post-thumbnail","hentry","category-eso-3","category-eso-4","category-ll_estr","category-portada","tag-493","tag-franca","tag-nimes","tag-p2226","tag-p2327","tag-sortides"],"post_mailing_queue_ids":[],"_links":{"self":[{"href":"https:\/\/agora.xtec.cat\/sescaldesdemalavella\/wp-json\/wp\/v2\/posts\/6194","targetHints":{"allow":["GET"]}}],"collection":[{"href":"https:\/\/agora.xtec.cat\/sescaldesdemalavella\/wp-json\/wp\/v2\/posts"}],"about":[{"href":"https:\/\/agora.xtec.cat\/sescaldesdemalavella\/wp-json\/wp\/v2\/types\/post"}],"author":[{"embeddable":true,"href":"https:\/\/agora.xtec.cat\/sescaldesdemalavella\/wp-json\/wp\/v2\/users\/1"}],"replies":[{"embeddable":true,"href":"https:\/\/agora.xtec.cat\/sescaldesdemalavella\/wp-json\/wp\/v2\/comments?post=6194"}],"version-history":[{"count":1,"href":"https:\/\/agora.xtec.cat\/sescaldesdemalavella\/wp-json\/wp\/v2\/posts\/6194\/revisions"}],"predecessor-version":[{"id":6198,"href":"https:\/\/agora.xtec.cat\/sescaldesdemalavella\/wp-json\/wp\/v2\/posts\/6194\/revisions\/6198"}],"wp:featuredmedia":[{"embeddable":true,"href":"https:\/\/agora.xtec.cat\/sescaldesdemalavella\/wp-json\/wp\/v2\/media\/6195"}],"wp:attachment":[{"href":"https:\/\/agora.xtec.cat\/sescaldesdemalavella\/wp-json\/wp\/v2\/media?parent=6194"}],"wp:term":[{"taxonomy":"category","embeddable":true,"href":"https:\/\/agora.xtec.cat\/sescaldesdemalavella\/wp-json\/wp\/v2\/categories?post=6194"},{"taxonomy":"post_tag","embeddable":true,"href":"https:\/\/agora.xtec.cat\/sescaldesdemalavella\/wp-json\/wp\/v2\/tags?post=6194"}],"curies":[{"name":"wp","href":"https:\/\/api.w.org\/{rel}","templated":true}]}}