{"id":5388,"date":"2025-02-18T09:37:25","date_gmt":"2025-02-18T08:37:25","guid":{"rendered":"https:\/\/agora.xtec.cat\/sescaldesdemalavella\/?p=5388"},"modified":"2025-02-18T09:37:25","modified_gmt":"2025-02-18T08:37:25","slug":"visitem-la-fabrica-de-la-coca-cola","status":"publish","type":"post","link":"https:\/\/agora.xtec.cat\/sescaldesdemalavella\/general\/visitem-la-fabrica-de-la-coca-cola\/","title":{"rendered":"Visitem la f\u00e0brica de la Coca-cola"},"content":{"rendered":"<p>Els alumnes de segon hem visitat la f\u00e0brica de la Coca-Cola de Martorelles per con\u00e8ixer el proc\u00e9s de fabricaci\u00f3. Durant tot el mat\u00ed, un monitor ens va fer una visita guiada pel recinte on ens va ensenyar com estava organitzada la f\u00e0brica, com funcionava la fabricaci\u00f3 de les diferents begudes i els envasaments.\u00a0 Va ser una experi\u00e8ncia molt interessant i enriquidora. Despr\u00e9s, per acabar la jornada vam fer una parada al parc Francesc Maci\u00e0 de Malgrat de Mar on vam esmorzar i vam gaudir de tots els tobogans i figures gegants.<\/p>\n<p><span style=\"color: #000000; font-family: Arial, sans-serif;\">Gaia Bassol\u00ed<\/span><\/p>\n<p><img loading=\"lazy\" decoding=\"async\" class=\"aligncenter wp-image-5391 size-large\" src=\"https:\/\/agora.xtec.cat\/sescaldesdemalavella\/wp-content\/uploads\/usu736\/2025\/02\/IMG_0610-768x1024.jpg\" alt=\"\" width=\"768\" height=\"1024\" srcset=\"https:\/\/agora.xtec.cat\/sescaldesdemalavella\/wp-content\/uploads\/usu736\/2025\/02\/IMG_0610-768x1024.jpg 768w, https:\/\/agora.xtec.cat\/sescaldesdemalavella\/wp-content\/uploads\/usu736\/2025\/02\/IMG_0610-225x300.jpg 225w, https:\/\/agora.xtec.cat\/sescaldesdemalavella\/wp-content\/uploads\/usu736\/2025\/02\/IMG_0610-1152x1536.jpg 1152w, https:\/\/agora.xtec.cat\/sescaldesdemalavella\/wp-content\/uploads\/usu736\/2025\/02\/IMG_0610-1536x2048.jpg 1536w, https:\/\/agora.xtec.cat\/sescaldesdemalavella\/wp-content\/uploads\/usu736\/2025\/02\/IMG_0610-scaled.jpg 1920w\" sizes=\"auto, (max-width: 768px) 100vw, 768px\" \/><\/p>\n","protected":false},"excerpt":{"rendered":"<p>Els alumnes de segon hem visitat la f\u00e0brica de la Coca-Cola de Martorelles per con\u00e8ixer el proc\u00e9s de fabricaci\u00f3. Durant tot el mat\u00ed, un monitor ens va fer una visita guiada pel recinte on ens va ensenyar com estava organitzada la f\u00e0brica, com funcionava la fabricaci\u00f3 de les diferents begudes i els envasaments.\u00a0 Va ser [&hellip;]<\/p>\n","protected":false},"author":1,"featured_media":5390,"comment_status":"closed","ping_status":"closed","sticky":true,"template":"","format":"standard","meta":{"_bbp_topic_count":0,"_bbp_reply_count":0,"_bbp_total_topic_count":0,"_bbp_total_reply_count":0,"_bbp_voice_count":0,"_bbp_anonymous_reply_count":0,"_bbp_topic_count_hidden":0,"_bbp_reply_count_hidden":0,"_bbp_forum_subforum_count":0,"site-sidebar-layout":"default","site-content-layout":"","ast-site-content-layout":"","site-content-style":"default","site-sidebar-style":"default","ast-global-header-display":"","ast-banner-title-visibility":"","ast-main-header-display":"","ast-hfb-above-header-display":"","ast-hfb-below-header-display":"","ast-hfb-mobile-header-display":"","site-post-title":"","ast-breadcrumbs-content":"","ast-featured-img":"","footer-sml-layout":"","theme-transparent-header-meta":"","adv-header-id-meta":"","stick-header-meta":"","header-above-stick-meta":"","header-main-stick-meta":"","header-below-stick-meta":"","astra-migrate-meta-layouts":"default","ast-page-background-enabled":"default","ast-page-background-meta":{"desktop":{"background-color":"var(--ast-global-color-4)","background-image":"","background-repeat":"repeat","background-position":"center center","background-size":"auto","background-attachment":"scroll","background-type":"","background-media":"","overlay-type":"","overlay-color":"","overlay-opacity":"","overlay-gradient":""},"tablet":{"background-color":"","background-image":"","background-repeat":"repeat","background-position":"center center","background-size":"auto","background-attachment":"scroll","background-type":"","background-media":"","overlay-type":"","overlay-color":"","overlay-opacity":"","overlay-gradient":""},"mobile":{"background-color":"","background-image":"","background-repeat":"repeat","background-position":"center center","background-size":"auto","background-attachment":"scroll","background-type":"","background-media":"","overlay-type":"","overlay-color":"","overlay-opacity":"","overlay-gradient":""}},"ast-content-background-meta":{"desktop":{"background-color":"var(--ast-global-color-5)","background-image":"","background-repeat":"repeat","background-position":"center center","background-size":"auto","background-attachment":"scroll","background-type":"","background-media":"","overlay-type":"","overlay-color":"","overlay-opacity":"","overlay-gradient":""},"tablet":{"background-color":"var(--ast-global-color-5)","background-image":"","background-repeat":"repeat","background-position":"center center","background-size":"auto","background-attachment":"scroll","background-type":"","background-media":"","overlay-type":"","overlay-color":"","overlay-opacity":"","overlay-gradient":""},"mobile":{"background-color":"var(--ast-global-color-5)","background-image":"","background-repeat":"repeat","background-position":"center center","background-size":"auto","background-attachment":"scroll","background-type":"","background-media":"","overlay-type":"","overlay-color":"","overlay-opacity":"","overlay-gradient":""}},"footnotes":""},"categories":[5,1,29,211],"tags":[471,117,249,436,182],"class_list":["post-5388","post","type-post","status-publish","format-standard","has-post-thumbnail","hentry","category-eso-2","category-general","category-portada","category-dept_tec","tag-471","tag-2neso","tag-coca-cola","tag-p2327","tag-sortida"],"post_mailing_queue_ids":[],"_links":{"self":[{"href":"https:\/\/agora.xtec.cat\/sescaldesdemalavella\/wp-json\/wp\/v2\/posts\/5388","targetHints":{"allow":["GET"]}}],"collection":[{"href":"https:\/\/agora.xtec.cat\/sescaldesdemalavella\/wp-json\/wp\/v2\/posts"}],"about":[{"href":"https:\/\/agora.xtec.cat\/sescaldesdemalavella\/wp-json\/wp\/v2\/types\/post"}],"author":[{"embeddable":true,"href":"https:\/\/agora.xtec.cat\/sescaldesdemalavella\/wp-json\/wp\/v2\/users\/1"}],"replies":[{"embeddable":true,"href":"https:\/\/agora.xtec.cat\/sescaldesdemalavella\/wp-json\/wp\/v2\/comments?post=5388"}],"version-history":[{"count":2,"href":"https:\/\/agora.xtec.cat\/sescaldesdemalavella\/wp-json\/wp\/v2\/posts\/5388\/revisions"}],"predecessor-version":[{"id":5392,"href":"https:\/\/agora.xtec.cat\/sescaldesdemalavella\/wp-json\/wp\/v2\/posts\/5388\/revisions\/5392"}],"wp:featuredmedia":[{"embeddable":true,"href":"https:\/\/agora.xtec.cat\/sescaldesdemalavella\/wp-json\/wp\/v2\/media\/5390"}],"wp:attachment":[{"href":"https:\/\/agora.xtec.cat\/sescaldesdemalavella\/wp-json\/wp\/v2\/media?parent=5388"}],"wp:term":[{"taxonomy":"category","embeddable":true,"href":"https:\/\/agora.xtec.cat\/sescaldesdemalavella\/wp-json\/wp\/v2\/categories?post=5388"},{"taxonomy":"post_tag","embeddable":true,"href":"https:\/\/agora.xtec.cat\/sescaldesdemalavella\/wp-json\/wp\/v2\/tags?post=5388"}],"curies":[{"name":"wp","href":"https:\/\/api.w.org\/{rel}","templated":true}]}}