{"id":5136,"date":"2024-06-03T20:06:40","date_gmt":"2024-06-03T18:06:40","guid":{"rendered":"https:\/\/agora.xtec.cat\/sescaldesdemalavella\/?p=5136"},"modified":"2024-06-03T20:06:40","modified_gmt":"2024-06-03T18:06:40","slug":"xerrada-impartida-per-lactivista-francisco-vera","status":"publish","type":"post","link":"https:\/\/agora.xtec.cat\/sescaldesdemalavella\/portada\/xerrada-impartida-per-lactivista-francisco-vera\/","title":{"rendered":"Xerrada impartida per l&#8217;activista Francisco Vera"},"content":{"rendered":"<p dir=\"ltr\">El passat dimecres dia 22 el Comit\u00e8 Verd de l\u2019institut Vam anar a l&#8217;auditori de Sta Coloma de Farners on vam poder gaudir en companyia del comit\u00e8 verd de Sta Coloma de la xerrada impartida per l&#8217;activista Francisco Vera.<\/p>\n<p dir=\"ltr\">En Francisco Vera \u00e9s un jove activista colombi\u00e0, que ha viatjat arreu del m\u00f3n per conscienciar i lluitar contra del canvi clim\u00e0tic. Va ser una xerrada molt interessant i, entre d&#8217;altres coses, ens va poder explicar el seu cam\u00ed cap al personatge p\u00fablic en qu\u00e8 s\u2019ha convertit.<\/p>\n<p>Irina Trece\u00f1o i \u00c0frica Ruiz<\/p>\n<p><img loading=\"lazy\" decoding=\"async\" class=\"aligncenter size-large wp-image-5137\" src=\"https:\/\/agora.xtec.cat\/sescaldesdemalavella\/wp-content\/uploads\/usu736\/2024\/06\/1717153521268-1024x768.jpg\" alt=\"\" width=\"1024\" height=\"768\" srcset=\"https:\/\/agora.xtec.cat\/sescaldesdemalavella\/wp-content\/uploads\/usu736\/2024\/06\/1717153521268-1024x768.jpg 1024w, https:\/\/agora.xtec.cat\/sescaldesdemalavella\/wp-content\/uploads\/usu736\/2024\/06\/1717153521268-300x225.jpg 300w, https:\/\/agora.xtec.cat\/sescaldesdemalavella\/wp-content\/uploads\/usu736\/2024\/06\/1717153521268-768x576.jpg 768w, https:\/\/agora.xtec.cat\/sescaldesdemalavella\/wp-content\/uploads\/usu736\/2024\/06\/1717153521268-1536x1152.jpg 1536w, https:\/\/agora.xtec.cat\/sescaldesdemalavella\/wp-content\/uploads\/usu736\/2024\/06\/1717153521268-200x150.jpg 200w, https:\/\/agora.xtec.cat\/sescaldesdemalavella\/wp-content\/uploads\/usu736\/2024\/06\/1717153521268.jpg 2048w\" sizes=\"auto, (max-width: 1024px) 100vw, 1024px\" \/><\/p>\n","protected":false},"excerpt":{"rendered":"<p>El passat dimecres dia 22 el Comit\u00e8 Verd de l\u2019institut Vam anar a l&#8217;auditori de Sta Coloma de Farners on vam poder gaudir en companyia del comit\u00e8 verd de Sta Coloma de la xerrada impartida per l&#8217;activista Francisco Vera. En Francisco Vera \u00e9s un jove activista colombi\u00e0, que ha viatjat arreu del m\u00f3n per conscienciar [&hellip;]<\/p>\n","protected":false},"author":1,"featured_media":5138,"comment_status":"closed","ping_status":"closed","sticky":true,"template":"","format":"standard","meta":{"_bbp_topic_count":0,"_bbp_reply_count":0,"_bbp_total_topic_count":0,"_bbp_total_reply_count":0,"_bbp_voice_count":0,"_bbp_anonymous_reply_count":0,"_bbp_topic_count_hidden":0,"_bbp_reply_count_hidden":0,"_bbp_forum_subforum_count":0,"site-sidebar-layout":"default","site-content-layout":"","ast-site-content-layout":"","site-content-style":"default","site-sidebar-style":"default","ast-global-header-display":"","ast-banner-title-visibility":"","ast-main-header-display":"","ast-hfb-above-header-display":"","ast-hfb-below-header-display":"","ast-hfb-mobile-header-display":"","site-post-title":"","ast-breadcrumbs-content":"","ast-featured-img":"","footer-sml-layout":"","theme-transparent-header-meta":"","adv-header-id-meta":"","stick-header-meta":"","header-above-stick-meta":"","header-main-stick-meta":"","header-below-stick-meta":"","astra-migrate-meta-layouts":"default","ast-page-background-enabled":"default","ast-page-background-meta":{"desktop":{"background-color":"var(--ast-global-color-4)","background-image":"","background-repeat":"repeat","background-position":"center center","background-size":"auto","background-attachment":"scroll","background-type":"","background-media":"","overlay-type":"","overlay-color":"","overlay-opacity":"","overlay-gradient":""},"tablet":{"background-color":"","background-image":"","background-repeat":"repeat","background-position":"center center","background-size":"auto","background-attachment":"scroll","background-type":"","background-media":"","overlay-type":"","overlay-color":"","overlay-opacity":"","overlay-gradient":""},"mobile":{"background-color":"","background-image":"","background-repeat":"repeat","background-position":"center center","background-size":"auto","background-attachment":"scroll","background-type":"","background-media":"","overlay-type":"","overlay-color":"","overlay-opacity":"","overlay-gradient":""}},"ast-content-background-meta":{"desktop":{"background-color":"var(--ast-global-color-5)","background-image":"","background-repeat":"repeat","background-position":"center center","background-size":"auto","background-attachment":"scroll","background-type":"","background-media":"","overlay-type":"","overlay-color":"","overlay-opacity":"","overlay-gradient":""},"tablet":{"background-color":"var(--ast-global-color-5)","background-image":"","background-repeat":"repeat","background-position":"center center","background-size":"auto","background-attachment":"scroll","background-type":"","background-media":"","overlay-type":"","overlay-color":"","overlay-opacity":"","overlay-gradient":""},"mobile":{"background-color":"var(--ast-global-color-5)","background-image":"","background-repeat":"repeat","background-position":"center center","background-size":"auto","background-attachment":"scroll","background-type":"","background-media":"","overlay-type":"","overlay-color":"","overlay-opacity":"","overlay-gradient":""}},"footnotes":""},"categories":[95,392,29],"tags":[439,455,386,44],"class_list":["post-5136","post","type-post","status-publish","format-standard","has-post-thumbnail","hentry","category-dept_ciencies","category-com_verd","category-portada","tag-439","tag-canvi-climatic","tag-comite-verd","tag-xerrades"],"post_mailing_queue_ids":[],"_links":{"self":[{"href":"https:\/\/agora.xtec.cat\/sescaldesdemalavella\/wp-json\/wp\/v2\/posts\/5136","targetHints":{"allow":["GET"]}}],"collection":[{"href":"https:\/\/agora.xtec.cat\/sescaldesdemalavella\/wp-json\/wp\/v2\/posts"}],"about":[{"href":"https:\/\/agora.xtec.cat\/sescaldesdemalavella\/wp-json\/wp\/v2\/types\/post"}],"author":[{"embeddable":true,"href":"https:\/\/agora.xtec.cat\/sescaldesdemalavella\/wp-json\/wp\/v2\/users\/1"}],"replies":[{"embeddable":true,"href":"https:\/\/agora.xtec.cat\/sescaldesdemalavella\/wp-json\/wp\/v2\/comments?post=5136"}],"version-history":[{"count":1,"href":"https:\/\/agora.xtec.cat\/sescaldesdemalavella\/wp-json\/wp\/v2\/posts\/5136\/revisions"}],"predecessor-version":[{"id":5139,"href":"https:\/\/agora.xtec.cat\/sescaldesdemalavella\/wp-json\/wp\/v2\/posts\/5136\/revisions\/5139"}],"wp:featuredmedia":[{"embeddable":true,"href":"https:\/\/agora.xtec.cat\/sescaldesdemalavella\/wp-json\/wp\/v2\/media\/5138"}],"wp:attachment":[{"href":"https:\/\/agora.xtec.cat\/sescaldesdemalavella\/wp-json\/wp\/v2\/media?parent=5136"}],"wp:term":[{"taxonomy":"category","embeddable":true,"href":"https:\/\/agora.xtec.cat\/sescaldesdemalavella\/wp-json\/wp\/v2\/categories?post=5136"},{"taxonomy":"post_tag","embeddable":true,"href":"https:\/\/agora.xtec.cat\/sescaldesdemalavella\/wp-json\/wp\/v2\/tags?post=5136"}],"curies":[{"name":"wp","href":"https:\/\/api.w.org\/{rel}","templated":true}]}}