{"id":3908,"date":"2021-12-04T08:20:20","date_gmt":"2021-12-04T07:20:20","guid":{"rendered":"https:\/\/agora.xtec.cat\/sescaldesdemalavella\/?p=3908"},"modified":"2021-12-04T08:34:19","modified_gmt":"2021-12-04T07:34:19","slug":"setmana-de-la-ciencia","status":"publish","type":"post","link":"https:\/\/agora.xtec.cat\/sescaldesdemalavella\/eso-cursos\/eso-3\/setmana-de-la-ciencia\/","title":{"rendered":"Setmana de la ci\u00e8ncia"},"content":{"rendered":"<p>El passat divendres 19, els alumnes de 3r d&#8217;ESO, com activitat relacionada amb la setmana de la ci\u00e8ncia, vam gaudir d&#8217;un taller de reaccions qu\u00edmiques molt interessant. Va ser a c\u00e0rrec del Aythami, un qu\u00edmic de la universitat de Girona, que tamb\u00e9 \u00e9s molt conegut a\u00a0YouTube\u00a0i a les xarxes socials.\u00a0El taller va durar una hora ben bona. Vam fer dues sessions, una per una meitat de l&#8217;alumnat de 3r i l&#8217;altra per l&#8217;altra\u00a0meitat. Va ser un taller molt divertit\u00a0i vam aprendre un munt de coses\u00a0interessants.<\/p>\n<div><span style=\"color: #000000; font-family: Open Sans, Helvetica, Arial, sans-serif;\">Arnau Lacoma i Gerard Teixidor<\/span><\/div>\n<div>\n<hr \/>\n<\/div>\n<div><\/div>\n<div><img loading=\"lazy\" decoding=\"async\" class=\"aligncenter size-large wp-image-3932\" src=\"https:\/\/agora.xtec.cat\/sescaldesdemalavella\/wp-content\/uploads\/usu736\/2021\/12\/set-ciencia_2021_4t-copia-1024x640.jpg\" alt=\"\" width=\"1024\" height=\"640\" srcset=\"https:\/\/agora.xtec.cat\/sescaldesdemalavella\/wp-content\/uploads\/usu736\/2021\/12\/set-ciencia_2021_4t-copia-1024x640.jpg 1024w, https:\/\/agora.xtec.cat\/sescaldesdemalavella\/wp-content\/uploads\/usu736\/2021\/12\/set-ciencia_2021_4t-copia-300x187.jpg 300w, https:\/\/agora.xtec.cat\/sescaldesdemalavella\/wp-content\/uploads\/usu736\/2021\/12\/set-ciencia_2021_4t-copia-768x480.jpg 768w, https:\/\/agora.xtec.cat\/sescaldesdemalavella\/wp-content\/uploads\/usu736\/2021\/12\/set-ciencia_2021_4t-copia.jpg 1281w\" sizes=\"auto, (max-width: 1024px) 100vw, 1024px\" \/><\/div>\n","protected":false},"excerpt":{"rendered":"<p>El passat divendres 19, els alumnes de 3r d&#8217;ESO, com activitat relacionada amb la setmana de la ci\u00e8ncia, vam gaudir d&#8217;un taller de reaccions qu\u00edmiques molt interessant. Va ser a c\u00e0rrec del Aythami, un qu\u00edmic de la universitat de Girona, que tamb\u00e9 \u00e9s molt conegut a\u00a0YouTube\u00a0i a les xarxes socials.\u00a0El taller va durar una hora [&hellip;]<\/p>\n","protected":false},"author":1,"featured_media":3931,"comment_status":"closed","ping_status":"closed","sticky":true,"template":"","format":"standard","meta":{"_bbp_topic_count":0,"_bbp_reply_count":0,"_bbp_total_topic_count":0,"_bbp_total_reply_count":0,"_bbp_voice_count":0,"_bbp_anonymous_reply_count":0,"_bbp_topic_count_hidden":0,"_bbp_reply_count_hidden":0,"_bbp_forum_subforum_count":0,"site-sidebar-layout":"default","site-content-layout":"","ast-site-content-layout":"","site-content-style":"default","site-sidebar-style":"default","ast-global-header-display":"","ast-banner-title-visibility":"","ast-main-header-display":"","ast-hfb-above-header-display":"","ast-hfb-below-header-display":"","ast-hfb-mobile-header-display":"","site-post-title":"","ast-breadcrumbs-content":"","ast-featured-img":"","footer-sml-layout":"","theme-transparent-header-meta":"","adv-header-id-meta":"","stick-header-meta":"","header-above-stick-meta":"","header-main-stick-meta":"","header-below-stick-meta":"","astra-migrate-meta-layouts":"default","ast-page-background-enabled":"default","ast-page-background-meta":{"desktop":{"background-color":"var(--ast-global-color-4)","background-image":"","background-repeat":"repeat","background-position":"center center","background-size":"auto","background-attachment":"scroll","background-type":"","background-media":"","overlay-type":"","overlay-color":"","overlay-opacity":"","overlay-gradient":""},"tablet":{"background-color":"","background-image":"","background-repeat":"repeat","background-position":"center center","background-size":"auto","background-attachment":"scroll","background-type":"","background-media":"","overlay-type":"","overlay-color":"","overlay-opacity":"","overlay-gradient":""},"mobile":{"background-color":"","background-image":"","background-repeat":"repeat","background-position":"center center","background-size":"auto","background-attachment":"scroll","background-type":"","background-media":"","overlay-type":"","overlay-color":"","overlay-opacity":"","overlay-gradient":""}},"ast-content-background-meta":{"desktop":{"background-color":"var(--ast-global-color-5)","background-image":"","background-repeat":"repeat","background-position":"center center","background-size":"auto","background-attachment":"scroll","background-type":"","background-media":"","overlay-type":"","overlay-color":"","overlay-opacity":"","overlay-gradient":""},"tablet":{"background-color":"var(--ast-global-color-5)","background-image":"","background-repeat":"repeat","background-position":"center center","background-size":"auto","background-attachment":"scroll","background-type":"","background-media":"","overlay-type":"","overlay-color":"","overlay-opacity":"","overlay-gradient":""},"mobile":{"background-color":"var(--ast-global-color-5)","background-image":"","background-repeat":"repeat","background-position":"center center","background-size":"auto","background-attachment":"scroll","background-type":"","background-media":"","overlay-type":"","overlay-color":"","overlay-opacity":"","overlay-gradient":""}},"footnotes":""},"categories":[95,6,29],"tags":[345,380,91],"class_list":["post-3908","post","type-post","status-publish","format-standard","has-post-thumbnail","hentry","category-dept_ciencies","category-eso-3","category-portada","tag-345","tag-aythami","tag-setmana-de-la-ciencia"],"post_mailing_queue_ids":[],"_links":{"self":[{"href":"https:\/\/agora.xtec.cat\/sescaldesdemalavella\/wp-json\/wp\/v2\/posts\/3908","targetHints":{"allow":["GET"]}}],"collection":[{"href":"https:\/\/agora.xtec.cat\/sescaldesdemalavella\/wp-json\/wp\/v2\/posts"}],"about":[{"href":"https:\/\/agora.xtec.cat\/sescaldesdemalavella\/wp-json\/wp\/v2\/types\/post"}],"author":[{"embeddable":true,"href":"https:\/\/agora.xtec.cat\/sescaldesdemalavella\/wp-json\/wp\/v2\/users\/1"}],"replies":[{"embeddable":true,"href":"https:\/\/agora.xtec.cat\/sescaldesdemalavella\/wp-json\/wp\/v2\/comments?post=3908"}],"version-history":[{"count":3,"href":"https:\/\/agora.xtec.cat\/sescaldesdemalavella\/wp-json\/wp\/v2\/posts\/3908\/revisions"}],"predecessor-version":[{"id":3934,"href":"https:\/\/agora.xtec.cat\/sescaldesdemalavella\/wp-json\/wp\/v2\/posts\/3908\/revisions\/3934"}],"wp:featuredmedia":[{"embeddable":true,"href":"https:\/\/agora.xtec.cat\/sescaldesdemalavella\/wp-json\/wp\/v2\/media\/3931"}],"wp:attachment":[{"href":"https:\/\/agora.xtec.cat\/sescaldesdemalavella\/wp-json\/wp\/v2\/media?parent=3908"}],"wp:term":[{"taxonomy":"category","embeddable":true,"href":"https:\/\/agora.xtec.cat\/sescaldesdemalavella\/wp-json\/wp\/v2\/categories?post=3908"},{"taxonomy":"post_tag","embeddable":true,"href":"https:\/\/agora.xtec.cat\/sescaldesdemalavella\/wp-json\/wp\/v2\/tags?post=3908"}],"curies":[{"name":"wp","href":"https:\/\/api.w.org\/{rel}","templated":true}]}}