{"id":3624,"date":"2021-06-03T10:39:18","date_gmt":"2021-06-03T08:39:18","guid":{"rendered":"http:\/\/agora.xtec.cat\/sescaldesdemalavella\/?p=3624"},"modified":"2021-06-03T10:39:18","modified_gmt":"2021-06-03T08:39:18","slug":"sortida-al-fisidabo","status":"publish","type":"post","link":"https:\/\/agora.xtec.cat\/sescaldesdemalavella\/eso-cursos\/eso-4\/sortida-al-fisidabo\/","title":{"rendered":"Sortida al Fisidabo"},"content":{"rendered":"<p>El divendres passat els alumnes de 4t d&#8217;ESO vam fer una sortida al Tibidabo de Barcelona. L&#8217;excursi\u00f3 tenia com a objectiu treballar la f\u00edsica en el m\u00f3n real. Vam sortir de Caldes a les 7:30 del mat\u00ed, i vam arribar al Tibidabo a les 9. Vam comen\u00e7ar a fer els exercicis que ten\u00edem del dossier que ens havien repartit. Gr\u00e0cies a les aplicacions del m\u00f2bil i a l&#8217;ajuda dels estudiants d&#8217;enginyeria f\u00edsica que venien d&#8217;universitat polit\u00e8cnica a ajudar, vam poder completar diferents exercicis. Vam calcular temps, acceleraci\u00f3, despla\u00e7ament&#8230; Ens va ajudar a entendre millor els continguts treballats anteriorment a classe. Despr\u00e9s d&#8217;haver fet els exercicis vam poder pujar a diferents atraccions, lliurement.<\/p>\n<p>Ens va agradar molt l&#8217;excursi\u00f3 i esperem que els seg\u00fcents anys es pugui seguir fent.<\/p>\n<p>Ona Cabarrocas i \u00cdria Jou<\/p>\n<p><a href=\"https:\/\/photos.app.goo.gl\/e4vyahgQeLq7T1GX6\" target=\"_blank\" rel=\"noopener noreferrer\"><img loading=\"lazy\" decoding=\"async\" class=\"aligncenter wp-image-2987 size-large\" src=\"https:\/\/agora.xtec.cat\/sescaldesdemalavella\/wp-content\/uploads\/usu736\/2020\/02\/Galeria-imatges3-1024x241.jpg\" alt=\"\" width=\"1024\" height=\"241\" srcset=\"https:\/\/agora.xtec.cat\/sescaldesdemalavella\/wp-content\/uploads\/usu736\/2020\/02\/Galeria-imatges3-1024x241.jpg 1024w, https:\/\/agora.xtec.cat\/sescaldesdemalavella\/wp-content\/uploads\/usu736\/2020\/02\/Galeria-imatges3-300x71.jpg 300w, https:\/\/agora.xtec.cat\/sescaldesdemalavella\/wp-content\/uploads\/usu736\/2020\/02\/Galeria-imatges3-768x181.jpg 768w, https:\/\/agora.xtec.cat\/sescaldesdemalavella\/wp-content\/uploads\/usu736\/2020\/02\/Galeria-imatges3.jpg 1280w\" sizes=\"auto, (max-width: 1024px) 100vw, 1024px\" \/><\/a><\/p>\n","protected":false},"excerpt":{"rendered":"<p>El divendres passat els alumnes de 4t d&#8217;ESO vam fer una sortida al Tibidabo de Barcelona. L&#8217;excursi\u00f3 tenia com a objectiu treballar la f\u00edsica en el m\u00f3n real. Vam sortir de Caldes a les 7:30 del mat\u00ed, i vam arribar al Tibidabo a les 9. Vam comen\u00e7ar a fer els exercicis que ten\u00edem del dossier [&hellip;]<\/p>\n","protected":false},"author":1,"featured_media":3628,"comment_status":"closed","ping_status":"closed","sticky":true,"template":"","format":"standard","meta":{"_bbp_topic_count":0,"_bbp_reply_count":0,"_bbp_total_topic_count":0,"_bbp_total_reply_count":0,"_bbp_voice_count":0,"_bbp_anonymous_reply_count":0,"_bbp_topic_count_hidden":0,"_bbp_reply_count_hidden":0,"_bbp_forum_subforum_count":0,"site-sidebar-layout":"default","site-content-layout":"","ast-site-content-layout":"","site-content-style":"default","site-sidebar-style":"default","ast-global-header-display":"","ast-banner-title-visibility":"","ast-main-header-display":"","ast-hfb-above-header-display":"","ast-hfb-below-header-display":"","ast-hfb-mobile-header-display":"","site-post-title":"","ast-breadcrumbs-content":"","ast-featured-img":"","footer-sml-layout":"","theme-transparent-header-meta":"","adv-header-id-meta":"","stick-header-meta":"","header-above-stick-meta":"","header-main-stick-meta":"","header-below-stick-meta":"","astra-migrate-meta-layouts":"default","ast-page-background-enabled":"default","ast-page-background-meta":{"desktop":{"background-color":"var(--ast-global-color-4)","background-image":"","background-repeat":"repeat","background-position":"center center","background-size":"auto","background-attachment":"scroll","background-type":"","background-media":"","overlay-type":"","overlay-color":"","overlay-opacity":"","overlay-gradient":""},"tablet":{"background-color":"","background-image":"","background-repeat":"repeat","background-position":"center center","background-size":"auto","background-attachment":"scroll","background-type":"","background-media":"","overlay-type":"","overlay-color":"","overlay-opacity":"","overlay-gradient":""},"mobile":{"background-color":"","background-image":"","background-repeat":"repeat","background-position":"center center","background-size":"auto","background-attachment":"scroll","background-type":"","background-media":"","overlay-type":"","overlay-color":"","overlay-opacity":"","overlay-gradient":""}},"ast-content-background-meta":{"desktop":{"background-color":"var(--ast-global-color-5)","background-image":"","background-repeat":"repeat","background-position":"center center","background-size":"auto","background-attachment":"scroll","background-type":"","background-media":"","overlay-type":"","overlay-color":"","overlay-opacity":"","overlay-gradient":""},"tablet":{"background-color":"var(--ast-global-color-5)","background-image":"","background-repeat":"repeat","background-position":"center center","background-size":"auto","background-attachment":"scroll","background-type":"","background-media":"","overlay-type":"","overlay-color":"","overlay-opacity":"","overlay-gradient":""},"mobile":{"background-color":"var(--ast-global-color-5)","background-image":"","background-repeat":"repeat","background-position":"center center","background-size":"auto","background-attachment":"scroll","background-type":"","background-media":"","overlay-type":"","overlay-color":"","overlay-opacity":"","overlay-gradient":""}},"footnotes":""},"categories":[95,7,29],"tags":[345,147,168,361,39],"class_list":["post-3624","post","type-post","status-publish","format-standard","has-post-thumbnail","hentry","category-dept_ciencies","category-eso-4","category-portada","tag-345","tag-4teso","tag-ciencia","tag-fisidabo","tag-sortides"],"post_mailing_queue_ids":[],"_links":{"self":[{"href":"https:\/\/agora.xtec.cat\/sescaldesdemalavella\/wp-json\/wp\/v2\/posts\/3624","targetHints":{"allow":["GET"]}}],"collection":[{"href":"https:\/\/agora.xtec.cat\/sescaldesdemalavella\/wp-json\/wp\/v2\/posts"}],"about":[{"href":"https:\/\/agora.xtec.cat\/sescaldesdemalavella\/wp-json\/wp\/v2\/types\/post"}],"author":[{"embeddable":true,"href":"https:\/\/agora.xtec.cat\/sescaldesdemalavella\/wp-json\/wp\/v2\/users\/1"}],"replies":[{"embeddable":true,"href":"https:\/\/agora.xtec.cat\/sescaldesdemalavella\/wp-json\/wp\/v2\/comments?post=3624"}],"version-history":[{"count":3,"href":"https:\/\/agora.xtec.cat\/sescaldesdemalavella\/wp-json\/wp\/v2\/posts\/3624\/revisions"}],"predecessor-version":[{"id":3629,"href":"https:\/\/agora.xtec.cat\/sescaldesdemalavella\/wp-json\/wp\/v2\/posts\/3624\/revisions\/3629"}],"wp:featuredmedia":[{"embeddable":true,"href":"https:\/\/agora.xtec.cat\/sescaldesdemalavella\/wp-json\/wp\/v2\/media\/3628"}],"wp:attachment":[{"href":"https:\/\/agora.xtec.cat\/sescaldesdemalavella\/wp-json\/wp\/v2\/media?parent=3624"}],"wp:term":[{"taxonomy":"category","embeddable":true,"href":"https:\/\/agora.xtec.cat\/sescaldesdemalavella\/wp-json\/wp\/v2\/categories?post=3624"},{"taxonomy":"post_tag","embeddable":true,"href":"https:\/\/agora.xtec.cat\/sescaldesdemalavella\/wp-json\/wp\/v2\/tags?post=3624"}],"curies":[{"name":"wp","href":"https:\/\/api.w.org\/{rel}","templated":true}]}}