{"id":3355,"date":"2020-12-03T13:29:20","date_gmt":"2020-12-03T12:29:20","guid":{"rendered":"http:\/\/agora.xtec.cat\/sescaldesdemalavella\/?p=3355"},"modified":"2020-12-03T13:30:06","modified_gmt":"2020-12-03T12:30:06","slug":"nou-projecte-per-entendre-i-comprendre-les-altres-cultures","status":"publish","type":"post","link":"https:\/\/agora.xtec.cat\/sescaldesdemalavella\/general\/nou-projecte-per-entendre-i-comprendre-les-altres-cultures\/","title":{"rendered":"Nou projecte per entendre i comprendre les diverses cultures"},"content":{"rendered":"<p>En el nou projecte d\u2019Hist\u00f2ria de les Religions i Valors a 4t d\u2019ESO, estem treballant el significat de la festa en les diverses tradicions culturals i religioses del m\u00f3n. En concret, veiem com viuen els ritus del naixement, d\u2019iniciaci\u00f3, de matrimoni i de mort. A m\u00e9s, donem un cop d\u2019ull al seu calendari i als moments importants per a ells. I hi descobrim el significat d\u2019algunes festes com Holi, Hanuk\u00e1, Ramad\u00e0, Pesh\u00e0, Divali &#8230; L\u2019origen de les festes en el nostre calendari ho farem despr\u00e9s, perqu\u00e8 hi estem for\u00e7a familiaritzats encara que potser hem de descobrir els seus or\u00edgens. Ens serveix molt per poder con\u00e8ixer la realitat del nostre m\u00f3n i entendre i comprendre les altres cultures.<\/p>\n<p><img loading=\"lazy\" decoding=\"async\" class=\"aligncenter size-full wp-image-3363\" src=\"https:\/\/agora.xtec.cat\/sescaldesdemalavella\/wp-content\/uploads\/usu736\/2020\/12\/IMG_8916.jpeg\" alt=\"\" width=\"1000\" height=\"750\" srcset=\"https:\/\/agora.xtec.cat\/sescaldesdemalavella\/wp-content\/uploads\/usu736\/2020\/12\/IMG_8916.jpeg 1000w, https:\/\/agora.xtec.cat\/sescaldesdemalavella\/wp-content\/uploads\/usu736\/2020\/12\/IMG_8916-300x225.jpeg 300w, https:\/\/agora.xtec.cat\/sescaldesdemalavella\/wp-content\/uploads\/usu736\/2020\/12\/IMG_8916-768x576.jpeg 768w, https:\/\/agora.xtec.cat\/sescaldesdemalavella\/wp-content\/uploads\/usu736\/2020\/12\/IMG_8916-200x150.jpeg 200w\" sizes=\"auto, (max-width: 1000px) 100vw, 1000px\" \/><\/p>\n","protected":false},"excerpt":{"rendered":"<p>En el nou projecte d\u2019Hist\u00f2ria de les Religions i Valors a 4t d\u2019ESO, estem treballant el significat de la festa en les diverses tradicions culturals i religioses del m\u00f3n. En concret, veiem com viuen els ritus del naixement, d\u2019iniciaci\u00f3, de matrimoni i de mort. A m\u00e9s, donem un cop d\u2019ull al seu calendari i als [&hellip;]<\/p>\n","protected":false},"author":1,"featured_media":3362,"comment_status":"open","ping_status":"closed","sticky":true,"template":"","format":"standard","meta":{"_bbp_topic_count":0,"_bbp_reply_count":0,"_bbp_total_topic_count":0,"_bbp_total_reply_count":0,"_bbp_voice_count":0,"_bbp_anonymous_reply_count":0,"_bbp_topic_count_hidden":0,"_bbp_reply_count_hidden":0,"_bbp_forum_subforum_count":0,"site-sidebar-layout":"default","site-content-layout":"","ast-site-content-layout":"","site-content-style":"default","site-sidebar-style":"default","ast-global-header-display":"","ast-banner-title-visibility":"","ast-main-header-display":"","ast-hfb-above-header-display":"","ast-hfb-below-header-display":"","ast-hfb-mobile-header-display":"","site-post-title":"","ast-breadcrumbs-content":"","ast-featured-img":"","footer-sml-layout":"","theme-transparent-header-meta":"","adv-header-id-meta":"","stick-header-meta":"","header-above-stick-meta":"","header-main-stick-meta":"","header-below-stick-meta":"","astra-migrate-meta-layouts":"default","ast-page-background-enabled":"default","ast-page-background-meta":{"desktop":{"background-color":"var(--ast-global-color-4)","background-image":"","background-repeat":"repeat","background-position":"center center","background-size":"auto","background-attachment":"scroll","background-type":"","background-media":"","overlay-type":"","overlay-color":"","overlay-opacity":"","overlay-gradient":""},"tablet":{"background-color":"","background-image":"","background-repeat":"repeat","background-position":"center center","background-size":"auto","background-attachment":"scroll","background-type":"","background-media":"","overlay-type":"","overlay-color":"","overlay-opacity":"","overlay-gradient":""},"mobile":{"background-color":"","background-image":"","background-repeat":"repeat","background-position":"center center","background-size":"auto","background-attachment":"scroll","background-type":"","background-media":"","overlay-type":"","overlay-color":"","overlay-opacity":"","overlay-gradient":""}},"ast-content-background-meta":{"desktop":{"background-color":"var(--ast-global-color-5)","background-image":"","background-repeat":"repeat","background-position":"center center","background-size":"auto","background-attachment":"scroll","background-type":"","background-media":"","overlay-type":"","overlay-color":"","overlay-opacity":"","overlay-gradient":""},"tablet":{"background-color":"var(--ast-global-color-5)","background-image":"","background-repeat":"repeat","background-position":"center center","background-size":"auto","background-attachment":"scroll","background-type":"","background-media":"","overlay-type":"","overlay-color":"","overlay-opacity":"","overlay-gradient":""},"mobile":{"background-color":"var(--ast-global-color-5)","background-image":"","background-repeat":"repeat","background-position":"center center","background-size":"auto","background-attachment":"scroll","background-type":"","background-media":"","overlay-type":"","overlay-color":"","overlay-opacity":"","overlay-gradient":""}},"footnotes":""},"categories":[7,24,25,1,278,29],"tags":[318,147],"class_list":["post-3355","post","type-post","status-publish","format-standard","has-post-thumbnail","hentry","category-eso-4","category-eso-4a","category-eso-4b","category-general","category-dept_orient","category-portada","tag-318","tag-4teso"],"post_mailing_queue_ids":[],"_links":{"self":[{"href":"https:\/\/agora.xtec.cat\/sescaldesdemalavella\/wp-json\/wp\/v2\/posts\/3355","targetHints":{"allow":["GET"]}}],"collection":[{"href":"https:\/\/agora.xtec.cat\/sescaldesdemalavella\/wp-json\/wp\/v2\/posts"}],"about":[{"href":"https:\/\/agora.xtec.cat\/sescaldesdemalavella\/wp-json\/wp\/v2\/types\/post"}],"author":[{"embeddable":true,"href":"https:\/\/agora.xtec.cat\/sescaldesdemalavella\/wp-json\/wp\/v2\/users\/1"}],"replies":[{"embeddable":true,"href":"https:\/\/agora.xtec.cat\/sescaldesdemalavella\/wp-json\/wp\/v2\/comments?post=3355"}],"version-history":[{"count":3,"href":"https:\/\/agora.xtec.cat\/sescaldesdemalavella\/wp-json\/wp\/v2\/posts\/3355\/revisions"}],"predecessor-version":[{"id":3365,"href":"https:\/\/agora.xtec.cat\/sescaldesdemalavella\/wp-json\/wp\/v2\/posts\/3355\/revisions\/3365"}],"wp:featuredmedia":[{"embeddable":true,"href":"https:\/\/agora.xtec.cat\/sescaldesdemalavella\/wp-json\/wp\/v2\/media\/3362"}],"wp:attachment":[{"href":"https:\/\/agora.xtec.cat\/sescaldesdemalavella\/wp-json\/wp\/v2\/media?parent=3355"}],"wp:term":[{"taxonomy":"category","embeddable":true,"href":"https:\/\/agora.xtec.cat\/sescaldesdemalavella\/wp-json\/wp\/v2\/categories?post=3355"},{"taxonomy":"post_tag","embeddable":true,"href":"https:\/\/agora.xtec.cat\/sescaldesdemalavella\/wp-json\/wp\/v2\/tags?post=3355"}],"curies":[{"name":"wp","href":"https:\/\/api.w.org\/{rel}","templated":true}]}}