{"id":2688,"date":"2019-04-03T08:52:27","date_gmt":"2019-04-03T06:52:27","guid":{"rendered":"http:\/\/agora.xtec.cat\/sescaldesdemalavella\/?p=2688"},"modified":"2019-04-03T08:52:27","modified_gmt":"2019-04-03T06:52:27","slug":"concurs-de-relat-breu-de-catalunya","status":"publish","type":"post","link":"https:\/\/agora.xtec.cat\/sescaldesdemalavella\/portada\/concurs-de-relat-breu-de-catalunya\/","title":{"rendered":"Concurs de Relat Breu de Catalunya"},"content":{"rendered":"<div class=\"gs\">\n<div class=\"\">\n<div id=\":ws\" class=\"ii gt\">\n<div id=\":sd\" class=\"a3s aXjCH \">\n<div dir=\"ltr\">\n<div class=\"gmail_quote\">\n<div dir=\"ltr\">\n<p class=\"m_-4510113003593117745m_-6563424031694162790gmail-Normal1\">El 16 i 23 de mar\u00e7 un grup d&#8217;alumnes de 2n va participar en el 42\u00e8 i 59\u00e8 concurs de joves talents de relat curt, patrocinat per Coca Cola. El 16 es va realitzar el concurs en catal\u00e0 i el 23 en castell\u00e0. El concurs va ser a la Universitat Polit\u00e8cnica de Girona. En el de catal\u00e0 van anar-hi la Nadia, l&#8217;Emma, la Liliana i en Mart\u00ed. En el relat havia de sortir la frase &#8220;Tinc la riquesa de no voler ser ric&#8221;. En el de castell\u00e0 van anar-hi la Maria Negre, la Marina, en Jes\u00fas, en Samuel i la Noa i la frase era &#8220;Era necesario parar el tiempo&#8221;. Ens van deixar 2 hores per fer el relat. Va ser una gran experi\u00e8ncia perqu\u00e8 est\u00e0vem en una sala universit\u00e0ria amb uns 100 alumnes m\u00e9s. Ara estem esperant la decisi\u00f3 del jurat. A veure si hi ha sort.<\/p>\n<p class=\"m_-4510113003593117745m_-6563424031694162790gmail-Normal1\" style=\"text-align: right;\">Emma Pous, Nadia Tenrero, Marina Luis, Maria Negre<\/p>\n<\/div>\n<p>&nbsp;<\/p>\n<div class=\"adL\"><\/div>\n<\/div>\n<\/div>\n<div class=\"adL\"><\/div>\n<\/div>\n<\/div>\n<div class=\"hi\"><\/div>\n<\/div>\n<\/div>\n","protected":false},"excerpt":{"rendered":"<p>El 16 i 23 de mar\u00e7 un grup d&#8217;alumnes de 2n va participar en el 42\u00e8 i 59\u00e8 concurs de joves talents de relat curt, patrocinat per Coca Cola. El 16 es va realitzar el concurs en catal\u00e0 i el 23 en castell\u00e0. El concurs va ser a la Universitat Polit\u00e8cnica de Girona. En el [&hellip;]<\/p>\n","protected":false},"author":1,"featured_media":2689,"comment_status":"open","ping_status":"closed","sticky":true,"template":"","format":"standard","meta":{"_bbp_topic_count":0,"_bbp_reply_count":0,"_bbp_total_topic_count":0,"_bbp_total_reply_count":0,"_bbp_voice_count":0,"_bbp_anonymous_reply_count":0,"_bbp_topic_count_hidden":0,"_bbp_reply_count_hidden":0,"_bbp_forum_subforum_count":0,"site-sidebar-layout":"default","site-content-layout":"","ast-site-content-layout":"","site-content-style":"default","site-sidebar-style":"default","ast-global-header-display":"","ast-banner-title-visibility":"","ast-main-header-display":"","ast-hfb-above-header-display":"","ast-hfb-below-header-display":"","ast-hfb-mobile-header-display":"","site-post-title":"","ast-breadcrumbs-content":"","ast-featured-img":"","footer-sml-layout":"","theme-transparent-header-meta":"","adv-header-id-meta":"","stick-header-meta":"","header-above-stick-meta":"","header-main-stick-meta":"","header-below-stick-meta":"","astra-migrate-meta-layouts":"default","ast-page-background-enabled":"default","ast-page-background-meta":{"desktop":{"background-color":"var(--ast-global-color-4)","background-image":"","background-repeat":"repeat","background-position":"center center","background-size":"auto","background-attachment":"scroll","background-type":"","background-media":"","overlay-type":"","overlay-color":"","overlay-opacity":"","overlay-gradient":""},"tablet":{"background-color":"","background-image":"","background-repeat":"repeat","background-position":"center center","background-size":"auto","background-attachment":"scroll","background-type":"","background-media":"","overlay-type":"","overlay-color":"","overlay-opacity":"","overlay-gradient":""},"mobile":{"background-color":"","background-image":"","background-repeat":"repeat","background-position":"center center","background-size":"auto","background-attachment":"scroll","background-type":"","background-media":"","overlay-type":"","overlay-color":"","overlay-opacity":"","overlay-gradient":""}},"ast-content-background-meta":{"desktop":{"background-color":"var(--ast-global-color-5)","background-image":"","background-repeat":"repeat","background-position":"center center","background-size":"auto","background-attachment":"scroll","background-type":"","background-media":"","overlay-type":"","overlay-color":"","overlay-opacity":"","overlay-gradient":""},"tablet":{"background-color":"var(--ast-global-color-5)","background-image":"","background-repeat":"repeat","background-position":"center center","background-size":"auto","background-attachment":"scroll","background-type":"","background-media":"","overlay-type":"","overlay-color":"","overlay-opacity":"","overlay-gradient":""},"mobile":{"background-color":"var(--ast-global-color-5)","background-image":"","background-repeat":"repeat","background-position":"center center","background-size":"auto","background-attachment":"scroll","background-type":"","background-media":"","overlay-type":"","overlay-color":"","overlay-opacity":"","overlay-gradient":""}},"footnotes":""},"categories":[209,203,29],"tags":[280,117,249,248],"class_list":["post-2688","post","type-post","status-publish","format-standard","has-post-thumbnail","hentry","category-ll_cast","category-ll_cat","category-portada","tag-280","tag-2neso","tag-coca-cola","tag-concurs"],"post_mailing_queue_ids":[],"_links":{"self":[{"href":"https:\/\/agora.xtec.cat\/sescaldesdemalavella\/wp-json\/wp\/v2\/posts\/2688","targetHints":{"allow":["GET"]}}],"collection":[{"href":"https:\/\/agora.xtec.cat\/sescaldesdemalavella\/wp-json\/wp\/v2\/posts"}],"about":[{"href":"https:\/\/agora.xtec.cat\/sescaldesdemalavella\/wp-json\/wp\/v2\/types\/post"}],"author":[{"embeddable":true,"href":"https:\/\/agora.xtec.cat\/sescaldesdemalavella\/wp-json\/wp\/v2\/users\/1"}],"replies":[{"embeddable":true,"href":"https:\/\/agora.xtec.cat\/sescaldesdemalavella\/wp-json\/wp\/v2\/comments?post=2688"}],"version-history":[{"count":1,"href":"https:\/\/agora.xtec.cat\/sescaldesdemalavella\/wp-json\/wp\/v2\/posts\/2688\/revisions"}],"predecessor-version":[{"id":2690,"href":"https:\/\/agora.xtec.cat\/sescaldesdemalavella\/wp-json\/wp\/v2\/posts\/2688\/revisions\/2690"}],"wp:featuredmedia":[{"embeddable":true,"href":"https:\/\/agora.xtec.cat\/sescaldesdemalavella\/wp-json\/wp\/v2\/media\/2689"}],"wp:attachment":[{"href":"https:\/\/agora.xtec.cat\/sescaldesdemalavella\/wp-json\/wp\/v2\/media?parent=2688"}],"wp:term":[{"taxonomy":"category","embeddable":true,"href":"https:\/\/agora.xtec.cat\/sescaldesdemalavella\/wp-json\/wp\/v2\/categories?post=2688"},{"taxonomy":"post_tag","embeddable":true,"href":"https:\/\/agora.xtec.cat\/sescaldesdemalavella\/wp-json\/wp\/v2\/tags?post=2688"}],"curies":[{"name":"wp","href":"https:\/\/api.w.org\/{rel}","templated":true}]}}