{"id":11418,"date":"2026-04-20T14:30:00","date_gmt":"2026-04-20T12:30:00","guid":{"rendered":"https:\/\/agora.xtec.cat\/ses-elvern\/?p=11418"},"modified":"2026-04-20T12:54:59","modified_gmt":"2026-04-20T10:54:59","slug":"club-de-lectura-recomanacio-literaria-a-2n-deso","status":"publish","type":"post","link":"https:\/\/agora.xtec.cat\/ses-elvern\/portada-general\/club-de-lectura-recomanacio-literaria-a-2n-deso\/","title":{"rendered":"Club de lectura: recomanaci\u00f3 liter\u00e0ria a 2n d\u2019ESO"},"content":{"rendered":"\n<p>El passat 12 de mar\u00e7, l\u2019alumna <strong>Sof\u00eda Gabarr\u00f3n<\/strong>, de 2n d\u2019ESO C, va participar en una sessi\u00f3 del club de lectura del centre presentant un dels seus llibres preferits, <em>Crep\u00fasculo<\/em>.<\/p>\n\n\n\n<figure class=\"wp-block-image size-large\"><img loading=\"lazy\" decoding=\"async\" width=\"1024\" height=\"768\" src=\"https:\/\/agora.xtec.cat\/ses-elvern\/wp-content\/uploads\/usu1817\/IMG_3150-1024x768.jpg\" alt=\"\" class=\"wp-image-11429\" srcset=\"https:\/\/agora.xtec.cat\/ses-elvern\/wp-content\/uploads\/usu1817\/IMG_3150-1024x768.jpg 1024w, https:\/\/agora.xtec.cat\/ses-elvern\/wp-content\/uploads\/usu1817\/IMG_3150-300x225.jpg 300w, https:\/\/agora.xtec.cat\/ses-elvern\/wp-content\/uploads\/usu1817\/IMG_3150-768x576.jpg 768w, https:\/\/agora.xtec.cat\/ses-elvern\/wp-content\/uploads\/usu1817\/IMG_3150-1536x1152.jpg 1536w, https:\/\/agora.xtec.cat\/ses-elvern\/wp-content\/uploads\/usu1817\/IMG_3150-2048x1536.jpg 2048w\" sizes=\"auto, (max-width: 1024px) 100vw, 1024px\" \/><\/figure>\n\n\n\n<p>Durant l\u2019activitat, va fer una breu explicaci\u00f3 de l\u2019argument de l\u2019obra i va compartir amb els seus companys i companyes els aspectes que m\u00e9s li agraden del llibre. A m\u00e9s, va respondre les preguntes dels assistents i va animar el grup a llegir-lo, transmetent el seu entusiasme per la lectura.<\/p>\n\n\n\n<figure class=\"wp-block-image size-large\"><img loading=\"lazy\" decoding=\"async\" width=\"1024\" height=\"768\" src=\"https:\/\/agora.xtec.cat\/ses-elvern\/wp-content\/uploads\/usu1817\/IMG_3147-1024x768.jpg\" alt=\"\" class=\"wp-image-11430\" srcset=\"https:\/\/agora.xtec.cat\/ses-elvern\/wp-content\/uploads\/usu1817\/IMG_3147-1024x768.jpg 1024w, https:\/\/agora.xtec.cat\/ses-elvern\/wp-content\/uploads\/usu1817\/IMG_3147-300x225.jpg 300w, https:\/\/agora.xtec.cat\/ses-elvern\/wp-content\/uploads\/usu1817\/IMG_3147-768x576.jpg 768w, https:\/\/agora.xtec.cat\/ses-elvern\/wp-content\/uploads\/usu1817\/IMG_3147-1536x1152.jpg 1536w, https:\/\/agora.xtec.cat\/ses-elvern\/wp-content\/uploads\/usu1817\/IMG_3147-2048x1536.jpg 2048w\" sizes=\"auto, (max-width: 1024px) 100vw, 1024px\" \/><\/figure>\n\n\n\n<p>Aquest tipus d\u2019activitats fomenten l\u2019inter\u00e8s pels llibres i creen espais de participaci\u00f3 i intercanvi d\u2019opinions entre l\u2019alumnat.&nbsp;<\/p>\n\n\n\n<p>Agra\u00efm molt la teva participaci\u00f3, Sof\u00eda!<\/p>\n\n\n\n<p><\/p>\n\n\n\n<figure class=\"wp-block-image size-large\"><img loading=\"lazy\" decoding=\"async\" width=\"1024\" height=\"768\" src=\"https:\/\/agora.xtec.cat\/ses-elvern\/wp-content\/uploads\/usu1817\/IMG_3149-1-1024x768.jpg\" alt=\"\" class=\"wp-image-11428\" srcset=\"https:\/\/agora.xtec.cat\/ses-elvern\/wp-content\/uploads\/usu1817\/IMG_3149-1-1024x768.jpg 1024w, https:\/\/agora.xtec.cat\/ses-elvern\/wp-content\/uploads\/usu1817\/IMG_3149-1-300x225.jpg 300w, https:\/\/agora.xtec.cat\/ses-elvern\/wp-content\/uploads\/usu1817\/IMG_3149-1-768x576.jpg 768w, https:\/\/agora.xtec.cat\/ses-elvern\/wp-content\/uploads\/usu1817\/IMG_3149-1-1536x1152.jpg 1536w, https:\/\/agora.xtec.cat\/ses-elvern\/wp-content\/uploads\/usu1817\/IMG_3149-1-2048x1536.jpg 2048w\" sizes=\"auto, (max-width: 1024px) 100vw, 1024px\" \/><\/figure>\n","protected":false},"excerpt":{"rendered":"<p>El passat 12 de mar\u00e7, l\u2019alumna Sof\u00eda Gabarr\u00f3n, de 2n d\u2019ESO C, va participar en una sessi\u00f3 del club de lectura del centre presentant un dels seus llibres preferits, Crep\u00fasculo. Durant l\u2019activitat, va fer una breu explicaci\u00f3 de l\u2019argument de l\u2019obra i va compartir amb els seus companys i companyes els aspectes que m\u00e9s li [&hellip;]<\/p>\n","protected":false},"author":61,"featured_media":11430,"comment_status":"open","ping_status":"open","sticky":false,"template":"","format":"standard","meta":{"_bbp_topic_count":0,"_bbp_reply_count":0,"_bbp_total_topic_count":0,"_bbp_total_reply_count":0,"_bbp_voice_count":0,"_bbp_anonymous_reply_count":0,"_bbp_topic_count_hidden":0,"_bbp_reply_count_hidden":0,"_bbp_forum_subforum_count":0,"site-sidebar-layout":"default","site-content-layout":"","ast-site-content-layout":"default","site-content-style":"default","site-sidebar-style":"default","ast-global-header-display":"","ast-banner-title-visibility":"","ast-main-header-display":"","ast-hfb-above-header-display":"","ast-hfb-below-header-display":"","ast-hfb-mobile-header-display":"","site-post-title":"","ast-breadcrumbs-content":"","ast-featured-img":"","footer-sml-layout":"","theme-transparent-header-meta":"","adv-header-id-meta":"","stick-header-meta":"","header-above-stick-meta":"","header-main-stick-meta":"","header-below-stick-meta":"","astra-migrate-meta-layouts":"set","ast-page-background-enabled":"default","ast-page-background-meta":{"desktop":{"background-color":"var(--ast-global-color-4)","background-image":"","background-repeat":"repeat","background-position":"center center","background-size":"auto","background-attachment":"scroll","background-type":"","background-media":"","overlay-type":"","overlay-color":"","overlay-opacity":"","overlay-gradient":""},"tablet":{"background-color":"","background-image":"","background-repeat":"repeat","background-position":"center center","background-size":"auto","background-attachment":"scroll","background-type":"","background-media":"","overlay-type":"","overlay-color":"","overlay-opacity":"","overlay-gradient":""},"mobile":{"background-color":"","background-image":"","background-repeat":"repeat","background-position":"center center","background-size":"auto","background-attachment":"scroll","background-type":"","background-media":"","overlay-type":"","overlay-color":"","overlay-opacity":"","overlay-gradient":""}},"ast-content-background-meta":{"desktop":{"background-color":"var(--ast-global-color-5)","background-image":"","background-repeat":"repeat","background-position":"center center","background-size":"auto","background-attachment":"scroll","background-type":"","background-media":"","overlay-type":"","overlay-color":"","overlay-opacity":"","overlay-gradient":""},"tablet":{"background-color":"var(--ast-global-color-5)","background-image":"","background-repeat":"repeat","background-position":"center center","background-size":"auto","background-attachment":"scroll","background-type":"","background-media":"","overlay-type":"","overlay-color":"","overlay-opacity":"","overlay-gradient":""},"mobile":{"background-color":"var(--ast-global-color-5)","background-image":"","background-repeat":"repeat","background-position":"center center","background-size":"auto","background-attachment":"scroll","background-type":"","background-media":"","overlay-type":"","overlay-color":"","overlay-opacity":"","overlay-gradient":""}},"footnotes":""},"categories":[1],"tags":[131,170],"class_list":["post-11418","post","type-post","status-publish","format-standard","has-post-thumbnail","hentry","category-portada-general","tag-biblioteca","tag-el-vern"],"post_mailing_queue_ids":[],"_links":{"self":[{"href":"https:\/\/agora.xtec.cat\/ses-elvern\/wp-json\/wp\/v2\/posts\/11418","targetHints":{"allow":["GET"]}}],"collection":[{"href":"https:\/\/agora.xtec.cat\/ses-elvern\/wp-json\/wp\/v2\/posts"}],"about":[{"href":"https:\/\/agora.xtec.cat\/ses-elvern\/wp-json\/wp\/v2\/types\/post"}],"author":[{"embeddable":true,"href":"https:\/\/agora.xtec.cat\/ses-elvern\/wp-json\/wp\/v2\/users\/61"}],"replies":[{"embeddable":true,"href":"https:\/\/agora.xtec.cat\/ses-elvern\/wp-json\/wp\/v2\/comments?post=11418"}],"version-history":[{"count":1,"href":"https:\/\/agora.xtec.cat\/ses-elvern\/wp-json\/wp\/v2\/posts\/11418\/revisions"}],"predecessor-version":[{"id":11431,"href":"https:\/\/agora.xtec.cat\/ses-elvern\/wp-json\/wp\/v2\/posts\/11418\/revisions\/11431"}],"wp:featuredmedia":[{"embeddable":true,"href":"https:\/\/agora.xtec.cat\/ses-elvern\/wp-json\/wp\/v2\/media\/11430"}],"wp:attachment":[{"href":"https:\/\/agora.xtec.cat\/ses-elvern\/wp-json\/wp\/v2\/media?parent=11418"}],"wp:term":[{"taxonomy":"category","embeddable":true,"href":"https:\/\/agora.xtec.cat\/ses-elvern\/wp-json\/wp\/v2\/categories?post=11418"},{"taxonomy":"post_tag","embeddable":true,"href":"https:\/\/agora.xtec.cat\/ses-elvern\/wp-json\/wp\/v2\/tags?post=11418"}],"curies":[{"name":"wp","href":"https:\/\/api.w.org\/{rel}","templated":true}]}}