{"id":11386,"date":"2026-03-26T18:42:02","date_gmt":"2026-03-26T17:42:02","guid":{"rendered":"https:\/\/agora.xtec.cat\/ses-elvern\/?p=11386"},"modified":"2026-03-26T18:49:33","modified_gmt":"2026-03-26T17:49:33","slug":"lalumnat-de-4t-deso-visita-la-fira-guiat-de-granollers","status":"publish","type":"post","link":"https:\/\/agora.xtec.cat\/ses-elvern\/portada-general\/lalumnat-de-4t-deso-visita-la-fira-guiat-de-granollers\/","title":{"rendered":"L\u2019alumnat de 4t d\u2019ESO visita la Fira Guia\u2019t de Granollers"},"content":{"rendered":"\n<div class=\"wp-block-columns is-layout-flex wp-container-core-columns-is-layout-1 wp-block-columns-is-layout-flex\">\n<div class=\"wp-block-column is-layout-flow wp-block-column-is-layout-flow\" style=\"flex-basis:33.33%\">\n<figure class=\"wp-block-image size-large\"><img loading=\"lazy\" decoding=\"async\" width=\"771\" height=\"1024\" src=\"https:\/\/agora.xtec.cat\/ses-elvern\/wp-content\/uploads\/usu1817\/IMG20260325124928-1-2-771x1024.jpg\" alt=\"\" class=\"wp-image-11385\" srcset=\"https:\/\/agora.xtec.cat\/ses-elvern\/wp-content\/uploads\/usu1817\/IMG20260325124928-1-2-771x1024.jpg 771w, https:\/\/agora.xtec.cat\/ses-elvern\/wp-content\/uploads\/usu1817\/IMG20260325124928-1-2-226x300.jpg 226w, https:\/\/agora.xtec.cat\/ses-elvern\/wp-content\/uploads\/usu1817\/IMG20260325124928-1-2-768x1020.jpg 768w, https:\/\/agora.xtec.cat\/ses-elvern\/wp-content\/uploads\/usu1817\/IMG20260325124928-1-2-1157x1536.jpg 1157w, https:\/\/agora.xtec.cat\/ses-elvern\/wp-content\/uploads\/usu1817\/IMG20260325124928-1-2-1542x2048.jpg 1542w, https:\/\/agora.xtec.cat\/ses-elvern\/wp-content\/uploads\/usu1817\/IMG20260325124928-1-2-scaled.jpg 1928w\" sizes=\"auto, (max-width: 771px) 100vw, 771px\" \/><\/figure>\n<\/div>\n\n\n\n<div class=\"wp-block-column is-layout-flow wp-block-column-is-layout-flow\" style=\"flex-basis:66.66%\">\n<p>L&#8217;alumnat de 4t d\u2019ESO van participar el dimecres 25 de mar\u00e7 d\u2019una\u00a0 sortida a la Fira Guia\u2019t de Granollers, una experi\u00e8ncia molt enriquidora orientada a acompanyar-los en el seu proc\u00e9s de presa de decisions acad\u00e8miques i professionals.<\/p>\n\n\n\n<p>Durant la visita, l\u2019alumnat ha pogut rec\u00f3rrer diversos estands informatius i\u00a0 assistir a\u00a0 una xerrada de joves que explicaven la seva traject\u00f2ria acad\u00e8mica.\u00a0<\/p>\n\n\n\n<p>La jornada ha estat una oportunitat excel\u00b7lent perqu\u00e8 els estudiants reflexionin sobre els seus interessos, habilitats i expectatives de futur. A m\u00e9s, els ha perm\u00e8s resoldre dubtes i con\u00e8ixer de primera m\u00e0 les diferents opcions disponibles un cop finalitzada l\u2019etapa obligat\u00f2ria.<\/p>\n\n\n\n<p><\/p>\n<\/div>\n<\/div>\n\n\n\n<p>Agra\u00efm la implicaci\u00f3 de l\u2019Ajuntament per facilitar-nos el transport per realitzar aquesta sortida.<\/p>\n\n\n\n<p>Des del centre, valorem molt positivament aquesta iniciativa, ja que contribueix a refor\u00e7ar l\u2019orientaci\u00f3 acad\u00e8mica i professional dels nostres alumnes, ajudant-los a prendre decisions m\u00e9s informades i conscients sobre el seu futur.<\/p>\n\n\n\n<p>Sens dubte, una experi\u00e8ncia motivadora i \u00fatil que els acompanya en un moment tan important del seu recorregut personal i educatiu.<\/p>\n\n\n\n<p><\/p>\n\n\n\n<p><\/p>\n","protected":false},"excerpt":{"rendered":"<p>L&#8217;alumnat de 4t d\u2019ESO van participar el dimecres 25 de mar\u00e7 d\u2019una\u00a0 sortida a la Fira Guia\u2019t de Granollers, una experi\u00e8ncia molt enriquidora orientada a acompanyar-los en el seu proc\u00e9s de presa de decisions acad\u00e8miques i professionals. Durant la visita, l\u2019alumnat ha pogut rec\u00f3rrer diversos estands informatius i\u00a0 assistir a\u00a0 una xerrada de joves que [&hellip;]<\/p>\n","protected":false},"author":20,"featured_media":11393,"comment_status":"open","ping_status":"open","sticky":false,"template":"","format":"standard","meta":{"_bbp_topic_count":0,"_bbp_reply_count":0,"_bbp_total_topic_count":0,"_bbp_total_reply_count":0,"_bbp_voice_count":0,"_bbp_anonymous_reply_count":0,"_bbp_topic_count_hidden":0,"_bbp_reply_count_hidden":0,"_bbp_forum_subforum_count":0,"site-sidebar-layout":"default","site-content-layout":"","ast-site-content-layout":"default","site-content-style":"default","site-sidebar-style":"default","ast-global-header-display":"","ast-banner-title-visibility":"","ast-main-header-display":"","ast-hfb-above-header-display":"","ast-hfb-below-header-display":"","ast-hfb-mobile-header-display":"","site-post-title":"","ast-breadcrumbs-content":"","ast-featured-img":"","footer-sml-layout":"","theme-transparent-header-meta":"","adv-header-id-meta":"","stick-header-meta":"","header-above-stick-meta":"","header-main-stick-meta":"","header-below-stick-meta":"","astra-migrate-meta-layouts":"set","ast-page-background-enabled":"default","ast-page-background-meta":{"desktop":{"background-color":"var(--ast-global-color-4)","background-image":"","background-repeat":"repeat","background-position":"center center","background-size":"auto","background-attachment":"scroll","background-type":"","background-media":"","overlay-type":"","overlay-color":"","overlay-opacity":"","overlay-gradient":""},"tablet":{"background-color":"","background-image":"","background-repeat":"repeat","background-position":"center center","background-size":"auto","background-attachment":"scroll","background-type":"","background-media":"","overlay-type":"","overlay-color":"","overlay-opacity":"","overlay-gradient":""},"mobile":{"background-color":"","background-image":"","background-repeat":"repeat","background-position":"center center","background-size":"auto","background-attachment":"scroll","background-type":"","background-media":"","overlay-type":"","overlay-color":"","overlay-opacity":"","overlay-gradient":""}},"ast-content-background-meta":{"desktop":{"background-color":"var(--ast-global-color-5)","background-image":"","background-repeat":"repeat","background-position":"center center","background-size":"auto","background-attachment":"scroll","background-type":"","background-media":"","overlay-type":"","overlay-color":"","overlay-opacity":"","overlay-gradient":""},"tablet":{"background-color":"var(--ast-global-color-5)","background-image":"","background-repeat":"repeat","background-position":"center center","background-size":"auto","background-attachment":"scroll","background-type":"","background-media":"","overlay-type":"","overlay-color":"","overlay-opacity":"","overlay-gradient":""},"mobile":{"background-color":"var(--ast-global-color-5)","background-image":"","background-repeat":"repeat","background-position":"center center","background-size":"auto","background-attachment":"scroll","background-type":"","background-media":"","overlay-type":"","overlay-color":"","overlay-opacity":"","overlay-gradient":""}},"footnotes":""},"categories":[122,123,124,125,1],"tags":[323],"class_list":["post-11386","post","type-post","status-publish","format-standard","has-post-thumbnail","hentry","category-eso-4","category-eso-4a","category-eso-4b","category-eso-4c","category-portada-general","tag-orientacio"],"post_mailing_queue_ids":[],"_links":{"self":[{"href":"https:\/\/agora.xtec.cat\/ses-elvern\/wp-json\/wp\/v2\/posts\/11386","targetHints":{"allow":["GET"]}}],"collection":[{"href":"https:\/\/agora.xtec.cat\/ses-elvern\/wp-json\/wp\/v2\/posts"}],"about":[{"href":"https:\/\/agora.xtec.cat\/ses-elvern\/wp-json\/wp\/v2\/types\/post"}],"author":[{"embeddable":true,"href":"https:\/\/agora.xtec.cat\/ses-elvern\/wp-json\/wp\/v2\/users\/20"}],"replies":[{"embeddable":true,"href":"https:\/\/agora.xtec.cat\/ses-elvern\/wp-json\/wp\/v2\/comments?post=11386"}],"version-history":[{"count":3,"href":"https:\/\/agora.xtec.cat\/ses-elvern\/wp-json\/wp\/v2\/posts\/11386\/revisions"}],"predecessor-version":[{"id":11394,"href":"https:\/\/agora.xtec.cat\/ses-elvern\/wp-json\/wp\/v2\/posts\/11386\/revisions\/11394"}],"wp:featuredmedia":[{"embeddable":true,"href":"https:\/\/agora.xtec.cat\/ses-elvern\/wp-json\/wp\/v2\/media\/11393"}],"wp:attachment":[{"href":"https:\/\/agora.xtec.cat\/ses-elvern\/wp-json\/wp\/v2\/media?parent=11386"}],"wp:term":[{"taxonomy":"category","embeddable":true,"href":"https:\/\/agora.xtec.cat\/ses-elvern\/wp-json\/wp\/v2\/categories?post=11386"},{"taxonomy":"post_tag","embeddable":true,"href":"https:\/\/agora.xtec.cat\/ses-elvern\/wp-json\/wp\/v2\/tags?post=11386"}],"curies":[{"name":"wp","href":"https:\/\/api.w.org\/{rel}","templated":true}]}}