{"id":9965,"date":"2019-05-11T14:09:39","date_gmt":"2019-05-11T12:09:39","guid":{"rendered":"http:\/\/agora.xtec.cat\/ses-canovelles\/?p=9965"},"modified":"2019-05-11T14:10:26","modified_gmt":"2019-05-11T12:10:26","slug":"de-nou-al-pica-lletres","status":"publish","type":"post","link":"https:\/\/agora.xtec.cat\/ses-canovelles\/general\/de-nou-al-pica-lletres\/","title":{"rendered":"De nou al Pica Lletres&#8230;"},"content":{"rendered":"<p>Un segon grup d&#8217;alumnes de 3r ESO del nostre Institut va participar al concurs ling\u00fc\u00edstic televisiu Pica Lletres. Felicitats Sidi, A\u00efssa i Ruth!\u00a0 Una manera divertida d&#8217;ampliar els coneixements de la llengua catalana.<\/p>\n<div id=\"embed-alacarta-12116\"><\/div>\n<p><script src=\"https:\/\/www.alacarta.cat\/js\/embed.js\" data-container=\"embed-alacarta-12116\" data-src=\"5cc89525a6565c41b0b49c6f\/5cc8d5c8a6565c41b0b49cd5\"><\/script><\/p>\n","protected":false},"excerpt":{"rendered":"<p>Un segon grup d&#8217;alumnes de 3r ESO del nostre Institut va participar al concurs ling\u00fc\u00edstic televisiu Pica Lletres. Felicitats Sidi, A\u00efssa i Ruth!\u00a0 Una manera divertida d&#8217;ampliar els coneixements de la llengua catalana.<\/p>\n","protected":false},"author":1,"featured_media":0,"comment_status":"open","ping_status":"closed","sticky":false,"template":"","format":"standard","meta":{"_bbp_topic_count":0,"_bbp_reply_count":0,"_bbp_total_topic_count":0,"_bbp_total_reply_count":0,"_bbp_voice_count":0,"_bbp_anonymous_reply_count":0,"_bbp_topic_count_hidden":0,"_bbp_reply_count_hidden":0,"_bbp_forum_subforum_count":0,"footnotes":""},"categories":[116,6,1,29],"tags":[],"class_list":["post-9965","post","type-post","status-publish","format-standard","hentry","category-ambit-linguistic","category-eso-3","category-general","category-portada"],"post_mailing_queue_ids":[],"_links":{"self":[{"href":"https:\/\/agora.xtec.cat\/ses-canovelles\/wp-json\/wp\/v2\/posts\/9965","targetHints":{"allow":["GET"]}}],"collection":[{"href":"https:\/\/agora.xtec.cat\/ses-canovelles\/wp-json\/wp\/v2\/posts"}],"about":[{"href":"https:\/\/agora.xtec.cat\/ses-canovelles\/wp-json\/wp\/v2\/types\/post"}],"author":[{"embeddable":true,"href":"https:\/\/agora.xtec.cat\/ses-canovelles\/wp-json\/wp\/v2\/users\/1"}],"replies":[{"embeddable":true,"href":"https:\/\/agora.xtec.cat\/ses-canovelles\/wp-json\/wp\/v2\/comments?post=9965"}],"version-history":[{"count":2,"href":"https:\/\/agora.xtec.cat\/ses-canovelles\/wp-json\/wp\/v2\/posts\/9965\/revisions"}],"predecessor-version":[{"id":9968,"href":"https:\/\/agora.xtec.cat\/ses-canovelles\/wp-json\/wp\/v2\/posts\/9965\/revisions\/9968"}],"wp:attachment":[{"href":"https:\/\/agora.xtec.cat\/ses-canovelles\/wp-json\/wp\/v2\/media?parent=9965"}],"wp:term":[{"taxonomy":"category","embeddable":true,"href":"https:\/\/agora.xtec.cat\/ses-canovelles\/wp-json\/wp\/v2\/categories?post=9965"},{"taxonomy":"post_tag","embeddable":true,"href":"https:\/\/agora.xtec.cat\/ses-canovelles\/wp-json\/wp\/v2\/tags?post=9965"}],"curies":[{"name":"wp","href":"https:\/\/api.w.org\/{rel}","templated":true}]}}