{"id":9940,"date":"2019-05-07T19:39:38","date_gmt":"2019-05-07T17:39:38","guid":{"rendered":"http:\/\/agora.xtec.cat\/ses-canovelles\/?p=9940"},"modified":"2019-05-07T19:46:10","modified_gmt":"2019-05-07T17:46:10","slug":"projecte-arte-sanos-canovelles","status":"publish","type":"post","link":"https:\/\/agora.xtec.cat\/ses-canovelles\/general\/projecte-arte-sanos-canovelles\/","title":{"rendered":"Projecte Arte-sanos Canovelles"},"content":{"rendered":"<h6 style=\"text-align: center;\">El Projecte Art Jove es realitzar\u00e0 a Canovelles per tal de fer inclusi\u00f3 entre els joves i trobar nexes d&#8217;uni\u00f3 entre ells mitjan\u00e7ant la pintura, la dansa o el rap.<\/h6>\n<h6 style=\"text-align: center;\">L&#8217;\u00fanic requisit \u00e9s que sigueu majors de 12 anys!<\/h6>\n<h6 style=\"text-align: center;\">Participeu-hi!<\/h6>\n<p><a href=\"https:\/\/agora.xtec.cat\/ses-canovelles\/wp-content\/uploads\/usu87\/2019\/05\/projecte-comunitari-canovelles.jpg\"><img loading=\"lazy\" decoding=\"async\" class=\"wp-image-9941 aligncenter\" src=\"https:\/\/agora.xtec.cat\/ses-canovelles\/wp-content\/uploads\/usu87\/2019\/05\/projecte-comunitari-canovelles-662x1024.jpg\" alt=\"\" width=\"231\" height=\"357\" srcset=\"https:\/\/agora.xtec.cat\/ses-canovelles\/wp-content\/uploads\/usu87\/2019\/05\/projecte-comunitari-canovelles-662x1024.jpg 662w, https:\/\/agora.xtec.cat\/ses-canovelles\/wp-content\/uploads\/usu87\/2019\/05\/projecte-comunitari-canovelles-194x300.jpg 194w, https:\/\/agora.xtec.cat\/ses-canovelles\/wp-content\/uploads\/usu87\/2019\/05\/projecte-comunitari-canovelles-768x1187.jpg 768w, https:\/\/agora.xtec.cat\/ses-canovelles\/wp-content\/uploads\/usu87\/2019\/05\/projecte-comunitari-canovelles.jpg 828w\" sizes=\"auto, (max-width: 231px) 100vw, 231px\" \/><\/a><\/p>\n","protected":false},"excerpt":{"rendered":"<p>El Projecte Art Jove es realitzar\u00e0 a Canovelles per tal de fer inclusi\u00f3 entre els joves i trobar nexes d&#8217;uni\u00f3 entre ells mitjan\u00e7ant la pintura, la dansa o el rap.<br \/>\nL&#8217;\u00fanic requisit \u00e9s que sigueu majors de 12 anys!<br \/>\nParticipeu-hi!<br \/>\n<a href=\"https:\/\/agora.xtec.cat\/ses-canovelles\/wp-content\/uploads\/usu87\/2019\/05\/projecte-comunitari-canovelles.jpg\"><\/a><\/p>\n","protected":false},"author":1,"featured_media":9941,"comment_status":"open","ping_status":"closed","sticky":false,"template":"","format":"standard","meta":{"_bbp_topic_count":0,"_bbp_reply_count":0,"_bbp_total_topic_count":0,"_bbp_total_reply_count":0,"_bbp_voice_count":0,"_bbp_anonymous_reply_count":0,"_bbp_topic_count_hidden":0,"_bbp_reply_count_hidden":0,"_bbp_forum_subforum_count":0,"footnotes":""},"categories":[3,1,29],"tags":[],"class_list":["post-9940","post","type-post","status-publish","format-standard","has-post-thumbnail","hentry","category-eso","category-general","category-portada"],"post_mailing_queue_ids":[],"_links":{"self":[{"href":"https:\/\/agora.xtec.cat\/ses-canovelles\/wp-json\/wp\/v2\/posts\/9940","targetHints":{"allow":["GET"]}}],"collection":[{"href":"https:\/\/agora.xtec.cat\/ses-canovelles\/wp-json\/wp\/v2\/posts"}],"about":[{"href":"https:\/\/agora.xtec.cat\/ses-canovelles\/wp-json\/wp\/v2\/types\/post"}],"author":[{"embeddable":true,"href":"https:\/\/agora.xtec.cat\/ses-canovelles\/wp-json\/wp\/v2\/users\/1"}],"replies":[{"embeddable":true,"href":"https:\/\/agora.xtec.cat\/ses-canovelles\/wp-json\/wp\/v2\/comments?post=9940"}],"version-history":[{"count":3,"href":"https:\/\/agora.xtec.cat\/ses-canovelles\/wp-json\/wp\/v2\/posts\/9940\/revisions"}],"predecessor-version":[{"id":9948,"href":"https:\/\/agora.xtec.cat\/ses-canovelles\/wp-json\/wp\/v2\/posts\/9940\/revisions\/9948"}],"wp:featuredmedia":[{"embeddable":true,"href":"https:\/\/agora.xtec.cat\/ses-canovelles\/wp-json\/wp\/v2\/media\/9941"}],"wp:attachment":[{"href":"https:\/\/agora.xtec.cat\/ses-canovelles\/wp-json\/wp\/v2\/media?parent=9940"}],"wp:term":[{"taxonomy":"category","embeddable":true,"href":"https:\/\/agora.xtec.cat\/ses-canovelles\/wp-json\/wp\/v2\/categories?post=9940"},{"taxonomy":"post_tag","embeddable":true,"href":"https:\/\/agora.xtec.cat\/ses-canovelles\/wp-json\/wp\/v2\/tags?post=9940"}],"curies":[{"name":"wp","href":"https:\/\/api.w.org\/{rel}","templated":true}]}}