{"id":9920,"date":"2019-04-06T12:52:06","date_gmt":"2019-04-06T10:52:06","guid":{"rendered":"http:\/\/agora.xtec.cat\/ses-canovelles\/?p=9920"},"modified":"2019-04-06T12:52:06","modified_gmt":"2019-04-06T10:52:06","slug":"eslovaquia-2019","status":"publish","type":"post","link":"https:\/\/agora.xtec.cat\/ses-canovelles\/eso\/eslovaquia-2019\/","title":{"rendered":"Eslov\u00e0quia 2019"},"content":{"rendered":"<p>Tornem a Eslov\u00e0quia!! Aquest curs repetim l&#8217;experi\u00e8ncia de l&#8217;any passat i un grup d&#8217;alumnes de 3r de l&#8217;ESO anirem d&#8217;immersi\u00f3 ling\u00fc\u00edstica dins del projecte International Village. Coneixerem alumnes de tota europa, aprendrem molt angl\u00e8s, farem moltes activitats, coneixerem altres cultures i farem amics. Aquest \u00e9s el v\u00eddeo de presentaci\u00f3 que hem preparat. See you soon in Slovakia!!<\/p>\n<p>&nbsp;<\/p>\n\r\n\t<div class=\"slideshow_container slideshow_container_style-light\" style=\"height: 300px; \" data-slideshow-id=\"9919\" data-style-name=\"style-light\" data-style-version=\"2.3.1\" >\r\n\r\n\t\t\t\t\t<div class=\"slideshow_loading_icon\"><\/div>\r\n\t\t\r\n\t\t<div class=\"slideshow_content\" style=\"display: none;\">\r\n\r\n\t\t\t<div class=\"slideshow_view\">\r\n\t<div class=\"slideshow_slide slideshow_slide_video\">\r\n\t\t<div class=\"slideshow_slide_video_id\" style=\"display: none;\" data-show-related-videos=\"0\">UTknY2v4fmM<\/div>\r\n\t<\/div>\r\n<div style=\"clear: both;\"><\/div><\/div>\r\n\t\t<\/div>\r\n\r\n\t\t<div class=\"slideshow_controlPanel slideshow_transparent\" style=\"display: none;\"><ul><li class=\"slideshow_togglePlay\" data-play-text=\"Visualitza\" data-pause-text=\"Pausa\"><\/li><\/ul><\/div>\r\n\r\n\t\t<div class=\"slideshow_button slideshow_previous slideshow_transparent\" role=\"button\" data-previous-text=\"Anterior\" style=\"display: none;\"><\/div>\r\n\t\t<div class=\"slideshow_button slideshow_next slideshow_transparent\" role=\"button\" data-next-text=\"Seg\u00fcent\" style=\"display: none;\"><\/div>\r\n\r\n\t\t<div class=\"slideshow_pagination\" style=\"display: none;\" data-go-to-text=\"V\u00e9s a la diapositiva\"><div class=\"slideshow_pagination_center\"><\/div><\/div>\r\n\r\n\t\t<!-- WordPress Slideshow Version 2.3.1 -->\r\n\r\n\t\t\t<\/div>\r\n\r\n\n<p>&nbsp;<\/p>\n","protected":false},"excerpt":{"rendered":"<p>Tornem a Eslov\u00e0quia!! Aquest curs repetim l&#8217;experi\u00e8ncia de l&#8217;any passat i un grup d&#8217;alumnes de 3r de l&#8217;ESO anirem d&#8217;immersi\u00f3 ling\u00fc\u00edstica dins del projecte International Village. Coneixerem alumnes de tota europa, aprendrem molt angl\u00e8s, farem moltes activitats, coneixerem altres cultures i farem amics. Aquest \u00e9s&hellip;  <a href=\"https:\/\/agora.xtec.cat\/ses-canovelles\/eso\/eslovaquia-2019\/\" title=\"Read Eslov\u00e0quia 2019\">Llegeix m\u00e9s\u00bb<\/a><\/p>\n","protected":false},"author":1,"featured_media":0,"comment_status":"open","ping_status":"closed","sticky":false,"template":"","format":"standard","meta":{"_bbp_topic_count":0,"_bbp_reply_count":0,"_bbp_total_topic_count":0,"_bbp_total_reply_count":0,"_bbp_voice_count":0,"_bbp_anonymous_reply_count":0,"_bbp_topic_count_hidden":0,"_bbp_reply_count_hidden":0,"_bbp_forum_subforum_count":0,"footnotes":""},"categories":[116,3,6,29],"tags":[],"class_list":["post-9920","post","type-post","status-publish","format-standard","hentry","category-ambit-linguistic","category-eso","category-eso-3","category-portada"],"post_mailing_queue_ids":[],"_links":{"self":[{"href":"https:\/\/agora.xtec.cat\/ses-canovelles\/wp-json\/wp\/v2\/posts\/9920","targetHints":{"allow":["GET"]}}],"collection":[{"href":"https:\/\/agora.xtec.cat\/ses-canovelles\/wp-json\/wp\/v2\/posts"}],"about":[{"href":"https:\/\/agora.xtec.cat\/ses-canovelles\/wp-json\/wp\/v2\/types\/post"}],"author":[{"embeddable":true,"href":"https:\/\/agora.xtec.cat\/ses-canovelles\/wp-json\/wp\/v2\/users\/1"}],"replies":[{"embeddable":true,"href":"https:\/\/agora.xtec.cat\/ses-canovelles\/wp-json\/wp\/v2\/comments?post=9920"}],"version-history":[{"count":1,"href":"https:\/\/agora.xtec.cat\/ses-canovelles\/wp-json\/wp\/v2\/posts\/9920\/revisions"}],"predecessor-version":[{"id":9921,"href":"https:\/\/agora.xtec.cat\/ses-canovelles\/wp-json\/wp\/v2\/posts\/9920\/revisions\/9921"}],"wp:attachment":[{"href":"https:\/\/agora.xtec.cat\/ses-canovelles\/wp-json\/wp\/v2\/media?parent=9920"}],"wp:term":[{"taxonomy":"category","embeddable":true,"href":"https:\/\/agora.xtec.cat\/ses-canovelles\/wp-json\/wp\/v2\/categories?post=9920"},{"taxonomy":"post_tag","embeddable":true,"href":"https:\/\/agora.xtec.cat\/ses-canovelles\/wp-json\/wp\/v2\/tags?post=9920"}],"curies":[{"name":"wp","href":"https:\/\/api.w.org\/{rel}","templated":true}]}}