{"id":9639,"date":"2018-06-19T18:33:56","date_gmt":"2018-06-19T16:33:56","guid":{"rendered":"http:\/\/agora.xtec.cat\/ses-canovelles\/?p=9639"},"modified":"2018-06-19T21:37:36","modified_gmt":"2018-06-19T19:37:36","slug":"reconeixement-practiques-en-empresa","status":"publish","type":"post","link":"https:\/\/agora.xtec.cat\/ses-canovelles\/portada\/reconeixement-practiques-en-empresa\/","title":{"rendered":"RECONEIXEMENT PR\u00c0CTIQUES EN EMPRESA"},"content":{"rendered":"<p>Avui s&#8217;ha fet l&#8217;acte de reconeixement als alumnes i empreses que han col\u00b7laborat en el projecte L&#8217;Empresa Educa. En les mateixes paraules d&#8217;en David, en Mousthapha, en Denys i l&#8217;Alba: una experi\u00e8ncia molt important per a la seva vida. Moltes gr\u00e0cies a l&#8217;Ajuntament de Canovelles i el servei d&#8217;Educaci\u00f3 que ho fa possible i sobretot els tutors i en Desi que \u00e9s un educador espectacular!<a href=\"http:\/\/agora.xtec.cat\/ses-canovelles\/wp-content\/uploads\/usu87\/2018\/06\/empresa0.jpg\"><img loading=\"lazy\" decoding=\"async\" class=\"aligncenter size-full wp-image-9640\" src=\"http:\/\/agora.xtec.cat\/ses-canovelles\/wp-content\/uploads\/usu87\/2018\/06\/empresa0.jpg\" alt=\"\" width=\"600\" height=\"449\" srcset=\"https:\/\/agora.xtec.cat\/ses-canovelles\/wp-content\/uploads\/usu87\/2018\/06\/empresa0.jpg 600w, https:\/\/agora.xtec.cat\/ses-canovelles\/wp-content\/uploads\/usu87\/2018\/06\/empresa0-300x225.jpg 300w, https:\/\/agora.xtec.cat\/ses-canovelles\/wp-content\/uploads\/usu87\/2018\/06\/empresa0-200x150.jpg 200w\" sizes=\"auto, (max-width: 600px) 100vw, 600px\" \/><\/a><\/p>\n","protected":false},"excerpt":{"rendered":"<p>Avui s&#8217;ha fet l&#8217;acte de reconeixement als alumnes i empreses que han col\u00b7laborat en el projecte L&#8217;Empresa Educa. En les mateixes paraules d&#8217;en David, en Mousthapha, en Denys i l&#8217;Alba: una experi\u00e8ncia molt important per a la seva vida. Moltes gr\u00e0cies a l&#8217;Ajuntament de Canovelles&hellip;  <a href=\"https:\/\/agora.xtec.cat\/ses-canovelles\/portada\/reconeixement-practiques-en-empresa\/\" title=\"Read RECONEIXEMENT PR\u00c0CTIQUES EN EMPRESA\">Llegeix m\u00e9s\u00bb<\/a><\/p>\n","protected":false},"author":1,"featured_media":0,"comment_status":"open","ping_status":"closed","sticky":false,"template":"","format":"standard","meta":{"_bbp_topic_count":0,"_bbp_reply_count":0,"_bbp_total_topic_count":0,"_bbp_total_reply_count":0,"_bbp_voice_count":0,"_bbp_anonymous_reply_count":0,"_bbp_topic_count_hidden":0,"_bbp_reply_count_hidden":0,"_bbp_forum_subforum_count":0,"footnotes":""},"categories":[29],"tags":[],"class_list":["post-9639","post","type-post","status-publish","format-standard","hentry","category-portada"],"post_mailing_queue_ids":[],"_links":{"self":[{"href":"https:\/\/agora.xtec.cat\/ses-canovelles\/wp-json\/wp\/v2\/posts\/9639","targetHints":{"allow":["GET"]}}],"collection":[{"href":"https:\/\/agora.xtec.cat\/ses-canovelles\/wp-json\/wp\/v2\/posts"}],"about":[{"href":"https:\/\/agora.xtec.cat\/ses-canovelles\/wp-json\/wp\/v2\/types\/post"}],"author":[{"embeddable":true,"href":"https:\/\/agora.xtec.cat\/ses-canovelles\/wp-json\/wp\/v2\/users\/1"}],"replies":[{"embeddable":true,"href":"https:\/\/agora.xtec.cat\/ses-canovelles\/wp-json\/wp\/v2\/comments?post=9639"}],"version-history":[{"count":1,"href":"https:\/\/agora.xtec.cat\/ses-canovelles\/wp-json\/wp\/v2\/posts\/9639\/revisions"}],"predecessor-version":[{"id":9641,"href":"https:\/\/agora.xtec.cat\/ses-canovelles\/wp-json\/wp\/v2\/posts\/9639\/revisions\/9641"}],"wp:attachment":[{"href":"https:\/\/agora.xtec.cat\/ses-canovelles\/wp-json\/wp\/v2\/media?parent=9639"}],"wp:term":[{"taxonomy":"category","embeddable":true,"href":"https:\/\/agora.xtec.cat\/ses-canovelles\/wp-json\/wp\/v2\/categories?post=9639"},{"taxonomy":"post_tag","embeddable":true,"href":"https:\/\/agora.xtec.cat\/ses-canovelles\/wp-json\/wp\/v2\/tags?post=9639"}],"curies":[{"name":"wp","href":"https:\/\/api.w.org\/{rel}","templated":true}]}}